{"id":235,"date":"2016-02-16T13:36:53","date_gmt":"2016-02-16T12:36:53","guid":{"rendered":"https:\/\/www.alle-noten.de\/magazin\/?p=235"},"modified":"2023-09-13T13:29:04","modified_gmt":"2023-09-13T11:29:04","slug":"sozialkompetenz-foerdern-durch-musikerziehung","status":"publish","type":"post","link":"https:\/\/www.alle-noten.de\/magazin\/sozialkompetenz-foerdern-durch-musikerziehung\/","title":{"rendered":"Sozialkompetenz f\u00f6rdern durch Musikerziehung"},"content":{"rendered":"<h3>Was ist Sozialkompetenz und warum ist sie wichtig?<\/h3>\n<p>Musizieren f\u00f6rdert die soziale Kompetenz \u2013 das ist nicht nur Theorie, sondern bewiesene Tatsache. Wir sagen Ihnen, warum sich der Musikunterricht nicht nur musikalisch positiv auf Kinder und Jugendliche auswirkt.<\/p>\n<p><!--more--><\/p>\n<p>&nbsp;<\/p>\n<p><img loading=\"lazy\" decoding=\"async\" class=\"alignright wp-image-228 size-medium\" src=\"https:\/\/www.alle-noten.de\/magazin\/wp-content\/uploads\/2016\/02\/Sozialkompetenz_08-300x200.jpg\" alt=\"Sozialkompetenz_08\" width=\"300\" height=\"200\" srcset=\"https:\/\/www.alle-noten.de\/magazin\/wp-content\/uploads\/2016\/02\/Sozialkompetenz_08-300x200.jpg 300w, https:\/\/www.alle-noten.de\/magazin\/wp-content\/uploads\/2016\/02\/Sozialkompetenz_08.jpg 640w\" sizes=\"auto, (max-width: 300px) 100vw, 300px\" \/>Eine gute Beziehung zu sich und anderen haben \u2013 das macht soziale Kompetenz aus. Eigenschaften wie Teamf\u00e4higkeit, Kommunikationsst\u00e4rke und Selbstbewusstsein bereichern nicht nur das Privat-, sondern auch das Arbeitsleben. Die sogenannten \u201eSoft Skills\u201c sollen laut einer Studie des Bundesinstituts f\u00fcr Berufsbildung <a href=\"http:\/\/www.tagesspiegel.de\/wirtschaft\/karriere\/seminare-soft-skills-entscheiden-ueber-befoerderung\/1639664.html\" target=\"_blank\" rel=\"noopener\">rund 40 Prozent des beruflichen Erfolgs ausmachen<\/a>. Doch die soziale Intelligenz ist nicht per se eine nat\u00fcrliche Charaktereigenschaft, sondern wird im Laufe des Lebens erlernt und muss gef\u00f6rdert werden. Dabei kann das Musizieren helfen.<\/p>\n<h2>Chor und Instrument: Mehr als nur Musik<\/h2>\n<p>Endlich die ersten Griffarten auf der Geige meistern oder eine erfolgreiche Probe mit dem Chor absolvieren \u2013 durch das Erlernen eines Instruments oder Gesangsunterricht erfahren Kinder die gesamte Bandbreite an sozialen Erlebnissen. Jede Unterrichtsart bringt dabei ihre ganz eigenen Lektionen und Vorteile mit sich:<\/p>\n<h3>Einzel-Musikunterricht<\/h3>\n<p>Ohne ein ausgepr\u00e4gtes Selbstwertgef\u00fchl und Vertrauen in die eigenen F\u00e4higkeiten f\u00e4llt es aufwachsenden Kindern schwerer, soziale Empathie gegen\u00fcber anderen zu entwickeln. Sozialkompetenzen im Umgang mit sich selbst k\u00f6nnen daher durch den Einzel-Musikunterricht gest\u00e4rkt werden:<\/p>\n<ul>\n<li><strong>Selbstwertgef\u00fchl<\/strong>\n<ul>\n<li>Musizierende erfahren Best\u00e4tigung bei Erfolgen und lernen, dass sich Engagement auszeichnet.<\/li>\n<\/ul>\n<\/li>\n<li><strong>Selbstvertrauen<\/strong>\n<ul>\n<li>Durch das Lesen von Noten, das Spielen eines Instruments oder Stimmtraining werden die eigenen F\u00e4higkeiten ausgebaut.<\/li>\n<\/ul>\n<\/li>\n<li><strong>Selbstbeobachtung<\/strong>\n<ul>\n<li>Niederlagen geh\u00f6ren zum Musiker-Alltag dazu. Im Musikunterricht lernt das Kind, wie man sie \u00fcberwinden kann.<\/li>\n<\/ul>\n<\/li>\n<li><strong>Eigenverantwortung<\/strong>\n<ul>\n<li>Zum Musikunterricht geh\u00f6rt ma\u00dfgeblich, dass Kinder selbstst\u00e4ndig etwas erlernen m\u00fcssen.<\/li>\n<\/ul>\n<\/li>\n<li><strong>Selbstdisziplin<\/strong>\n<ul>\n<li>Verbesserungen im Umgang mit dem Instrument oder beim Singen entstehen nur durch zielstrebiges Arbeiten.<\/li>\n<li>Lernende m\u00fcssen sich selber motivieren.<\/li>\n<\/ul>\n<\/li>\n<\/ul>\n<div id=\"attachment_225\" style=\"width: 650px\" class=\"wp-caption alignnone\"><img loading=\"lazy\" decoding=\"async\" aria-describedby=\"caption-attachment-225\" class=\"wp-image-225 size-full\" src=\"https:\/\/www.alle-noten.de\/magazin\/wp-content\/uploads\/2016\/02\/Sozialkompetenz_05.jpg\" alt=\"Geigenunterricht f\u00fchrt nicht nur zu sch\u00f6nen (wenn auch anfangs schr\u00e4gen) Kl\u00e4ngen, sondern sorgt auch f\u00fcr mehr Selbstvertrauen. (\u00a9 iStock.com\/Highwaystarz-Photography)\" width=\"640\" height=\"426\" srcset=\"https:\/\/www.alle-noten.de\/magazin\/wp-content\/uploads\/2016\/02\/Sozialkompetenz_05.jpg 640w, https:\/\/www.alle-noten.de\/magazin\/wp-content\/uploads\/2016\/02\/Sozialkompetenz_05-300x200.jpg 300w\" sizes=\"auto, (max-width: 640px) 100vw, 640px\" \/><p id=\"caption-attachment-225\" class=\"wp-caption-text\"><em>Geigenunterricht f\u00fchrt nicht nur zu sch\u00f6nen Kl\u00e4ngen, sondern sorgt auch f\u00fcr mehr Selbstvertrauen.<\/em><\/p><\/div>\n<h3>Gruppen-Musikunterricht (Orchester und Chor)<\/h3>\n<p>In der Gruppe ein Musikinstrument lernen, im Chor singen, oder in einer Band spielen \u2013 ohne Teamarbeit und gute Kommunikation f\u00fchrt das zu falschen T\u00f6nen. Gerade Sozialkompetenzen im Umgang mit anderen k\u00f6nnen durch den Gruppen-Musikunterricht gest\u00e4rkt werden:<\/p>\n<ul>\n<li><strong><img loading=\"lazy\" decoding=\"async\" class=\"alignright size-medium wp-image-222\" src=\"https:\/\/www.alle-noten.de\/magazin\/wp-content\/uploads\/2016\/02\/Sozialkompetenz_02-300x200.jpg\" alt=\"Sozialkompetenz_02\" width=\"300\" height=\"200\" srcset=\"https:\/\/www.alle-noten.de\/magazin\/wp-content\/uploads\/2016\/02\/Sozialkompetenz_02-300x200.jpg 300w, https:\/\/www.alle-noten.de\/magazin\/wp-content\/uploads\/2016\/02\/Sozialkompetenz_02.jpg 640w\" sizes=\"auto, (max-width: 300px) 100vw, 300px\" \/>Hilfsbereitschaft<\/strong>\n<ul>\n<li>Eine Gruppe ist nur so stark wie ihr schw\u00e4chstes Glied.<\/li>\n<\/ul>\n<\/li>\n<li><strong>Anerkennung<\/strong>\n<ul>\n<li>In der Gruppe werden Leistungen anerkannt.<\/li>\n<\/ul>\n<\/li>\n<li><strong>Empathie (Mitgef\u00fchl bzw. Einf\u00fchlungsverm\u00f6gen)<\/strong>\n<ul>\n<li>Musik weckt Emotionen.<\/li>\n<li>Musizierende nehmen den Stimmklang der anderen genauer wahr. Das schult das eigene Ohr und macht es leichter, die Stimmung eines Menschen \u00fcber die Stimme zu erahnen.<\/li>\n<\/ul>\n<\/li>\n<li><strong>Kompromissf\u00e4higkeit<\/strong>\n<ul>\n<li>Gute Musik entsteht erst im Zusammenspiel.<\/li>\n<\/ul>\n<\/li>\n<li><strong>Kritikf\u00e4higkeit<\/strong>\n<ul>\n<li>In der Gruppe merken Kinder, dass niemand perfekt ist.<\/li>\n<li>Kritik geh\u00f6rt zum Musikeralltag dazu \u2013 Kinder lernen, sie nicht pers\u00f6nlich zu nehmen.<\/li>\n<\/ul>\n<\/li>\n<li><strong>Wertsch\u00e4tzung<\/strong>\n<ul>\n<li>Jedes Kind hat seine St\u00e4rken und Schw\u00e4chen und bereichert mit seiner Individualit\u00e4t die Gruppe.<\/li>\n<\/ul>\n<\/li>\n<li><strong>Respekt<\/strong>\n<ul>\n<li>Musik in der Gruppe zeigt, was andere schaffen k\u00f6nnen.<\/li>\n<\/ul>\n<\/li>\n<li><strong>Kommunikation (Sprachkompetenz)<\/strong>\n<ul>\n<li>Musizieren ohne sprachlichen Austausch ist nicht m\u00f6glich.<\/li>\n<li>Zus\u00e4tzlich zum Sprechen muss in der Gruppe auch einander zugeh\u00f6rt werden.<\/li>\n<\/ul>\n<\/li>\n<li><strong>Interkulturelle Kompetenz<\/strong>\n<ul>\n<li>Musik ist global. Durch den Kontakt mit Musik aus aller Welt w\u00e4chst die Wertsch\u00e4tzung f\u00fcr andere Kulturen.<\/li>\n<\/ul>\n<\/li>\n<li><strong>Teamf\u00e4higkeit<\/strong>\n<ul>\n<li>Ob Chor, Orchester oder Band: Die Musikgruppe ist ein Team und muss lernen, auch als solches zusammenzuarbeiten.<\/li>\n<\/ul>\n<\/li>\n<li><strong>Motivation<\/strong>\n<ul>\n<li>Im Musikunterricht muss ein Kind lernen, sich selbst und auch andere zu motivieren.<\/li>\n<\/ul>\n<\/li>\n<li><strong>Konfliktf\u00e4higkeit<\/strong>\n<ul>\n<li>Konflikte werden als normal und notwendig aufgefasst. Dadurch werden Werkzeuge erlernt, um sie rational zu l\u00f6sen.<\/li>\n<\/ul>\n<\/li>\n<\/ul>\n<h2>Die Studie zum Hofer Modell (LMU)<\/h2>\n<p>Dass Musizieren einen positiven Effekt auf die soziale Kompetenz hat, scheint auf der Hand zu liegen. Eine Studie unter der Leitung von Professor Dr. Ernst P\u00f6ppel vom Humanwissenschaftlichen Zentrum an der Ludwig-Maximilians-Universit\u00e4t M\u00fcnchen best\u00e4tigt diese Hypothese.<\/p>\n<div id=\"attachment_226\" style=\"width: 650px\" class=\"wp-caption alignnone\"><img loading=\"lazy\" decoding=\"async\" aria-describedby=\"caption-attachment-226\" class=\"size-full wp-image-226\" src=\"https:\/\/www.alle-noten.de\/magazin\/wp-content\/uploads\/2016\/02\/Sozialkompetenz_06.jpg\" alt=\"Links: Hofer Musikschule (\u00a9Sonja Wietzel-Winkler\/Wikimedia Commons), rechts: Freiheitshalle in Hof, in welcher die Hofer Symphoniker den internationalen Violinwettbewerb Henri Marteau ausrichten. (\u00a9Hans-Peter Schwarzenbach\/Wikimedia Commons)\" width=\"640\" height=\"427\" srcset=\"https:\/\/www.alle-noten.de\/magazin\/wp-content\/uploads\/2016\/02\/Sozialkompetenz_06.jpg 640w, https:\/\/www.alle-noten.de\/magazin\/wp-content\/uploads\/2016\/02\/Sozialkompetenz_06-300x200.jpg 300w\" sizes=\"auto, (max-width: 640px) 100vw, 640px\" \/><p id=\"caption-attachment-226\" class=\"wp-caption-text\"><em>Links: Hofer Musikschule, rechts: Freiheitshalle in Hof, in welcher die Hofer Symphoniker den internationalen Violinwettbewerb Henri Marteau ausrichten.<\/em><\/p><\/div>\n<h3>Was ist das Hofer-Modell?<\/h3>\n<p>Durchgef\u00fchrt wurde die Studie am \u201eKulturunternehmen Hofer Symphoniker\u201c im Jahr 2007. Das Prinzip des Hofer-Modells gr\u00fcndet sich aus der Verbindung eines professionellen Orchesters mit einer angeschlossenen Musikschule und besteht seit 30 Jahren. Ziel der Studie war es, herauszufinden, ob eine musikalische Ausbildung tats\u00e4chlich Einfluss auf die sozialen Kompetenzen von Kindern und Jugendlichen hat, und damit das sp\u00e4tere Leben positiv pr\u00e4gt.<\/p>\n<h3>Die Durchf\u00fchrung<\/h3>\n<p>21 Musiksch\u00fcler (im Durchschnitt 20 Jahre alt), der Symphoniker und 21 Personen ohne musikalische Ausbildung aus dem gleichen sozialen Umfeld absolvierten psychologische Tests und eine Magnetresonanztomographie, welche Einblicke in die Abl\u00e4ufe im Gehirn bei emotionalen Belastungen gab.<\/p>\n<p>Dabei wurden vier Bereiche untersucht: Emotionen (Erkennen von Emotionen in Musik, Sprache, Mimik), Pers\u00f6nlichkeit (Gewissenhaftigkeit und Leistungsbereitschaft), geistige St\u00e4rken (Konzentration und Lernf\u00e4higkeit) und soziales Verhalten (Selbstsicherheit und soziale Intelligenz).<\/p>\n<div id=\"attachment_232\" style=\"width: 650px\" class=\"wp-caption alignnone\"><img loading=\"lazy\" decoding=\"async\" aria-describedby=\"caption-attachment-232\" class=\"size-full wp-image-232\" src=\"https:\/\/www.alle-noten.de\/magazin\/wp-content\/uploads\/2016\/02\/Sozialkompetenz_12.jpg\" alt=\"Musikunterricht macht nicht nur Spa\u00df, sondern verbessert auch die Konzentration (\u00a9 iStock.com\/monkeybusinessimages)\" width=\"640\" height=\"426\" srcset=\"https:\/\/www.alle-noten.de\/magazin\/wp-content\/uploads\/2016\/02\/Sozialkompetenz_12.jpg 640w, https:\/\/www.alle-noten.de\/magazin\/wp-content\/uploads\/2016\/02\/Sozialkompetenz_12-300x200.jpg 300w\" sizes=\"auto, (max-width: 640px) 100vw, 640px\" \/><p id=\"caption-attachment-232\" class=\"wp-caption-text\"><em>Musikunterricht macht nicht nur Spa\u00df, sondern verbessert auch die Konzentration.<\/em><\/p><\/div>\n<h3>Ergebnisse der Studie:<\/h3>\n<p>Aus der Studie ergaben sich f\u00fcnf Thesen, wie sich Musikunterricht positiv auf die Sozialkompetenz auswirkt.<\/p>\n<ol>\n<li>Die <strong>Aufmerksamkeit<\/strong> und <strong>Konzentration<\/strong> der Musiksch\u00fcler hat sich durch ihre Ausbildung verbessert.<\/li>\n<li>Hofer-Sch\u00fcler k\u00f6nnen <strong>Emotionen<\/strong> besser erleben und differenzierter wahrnehmen. Sie verhalten sich auch stabiler gegen\u00fcber der Emotion Angst und lassen sich nicht von anderen anstecken. Diese F\u00e4higkeit ist wichtig f\u00fcr das Kn\u00fcpfen von tiefgehenden Beziehungen.<\/li>\n<li><strong>M\u00e4nnliche Musiksch\u00fcler<\/strong> sind selbstsicherer und verhalten sich stabiler gegen\u00fcber Kritik als die Kontrollgruppe.<\/li>\n<li><strong>Weibliche Musiksch\u00fcler<\/strong> sind leistungsmotivierter und verfolgen Interessen nachhaltiger als ihre Mitsch\u00fclerinnen, die keinen Musikunterricht besuchen.<\/li>\n<li>Musikunterricht f\u00f6rdert <strong>Zielstrebigkeit<\/strong>, was sich positiv auf die berufliche Weiterbildung und soziale Beziehungen auswirkt.<\/li>\n<\/ol>\n<p>Aus den Ergebnissen der Studie zogen die Wissenschaftler das Fazit, dass die F\u00f6rderung und der Ausbau des Musikunterrichts in Deutschland dringend erforderlich seien. Der Fokus liegt dabei auch auf den Transfer-Effekten, die durch eine musische Ausbildung entstehen. Menschen mit gesteigerter Empathie und Ehrgeiz haben einen positiven Einfluss auf die Gesellschaft und k\u00f6nnen Probleme besser in Teamarbeit angehen.<\/p>\n<p>Auch fordern die Wissenschaftler einen gezielteren Blick auf die Geschlechterunterschiede in der Musikausbildung, die eine differenzierte F\u00f6rderung notwendig machen.<\/p>\n<p>Mehr \u00fcber die Studie erfahren Sie <a href=\"http:\/\/www.musikwissenschaft.uni-muenchen.de\/forschung\/forschungsprojekte\/abgeschlossene\/studie_hwz_presse.pdf\" target=\"_blank\" rel=\"noopener\">hier<\/a>.<\/p>\n<h2>Noten f\u00fcr den Musikunterricht<\/h2>\n<p>Einen positiven Effekt auf die Sozialkompetenz hat die Musikausbildung aber nur, wenn Kinder und Jugendliche langfristig Gefallen am Musizierenden finden. Spa\u00df an der Musik ist deshalb unerl\u00e4sslich. Notenb\u00fccher und Unterlagen, die sich f\u00fcr eine musikalische Erziehung mit anhaltendem Spa\u00dffaktor eignen, finden Sie in unserer Kategorie <a href=\"https:\/\/www.alle-noten.de\/Musikerziehung\/\" target=\"_blank\" rel=\"noopener\">Musikerziehung<\/a>.<\/p>\n<h3>Musikerziehung \u2013 unsere Top 5<\/h3>\n<p>F\u00fcr die musikalische Erziehung zu Hause, im Kindergarten und in der Schule haben wir f\u00fcr Sie f\u00fcnf Unterrichtsmaterialien herausgesucht, die garantiert Freude am Musizieren machen:<\/p>\n<ul>\n<li><strong>Musik Fantasie: <\/strong>Das <a href=\"https:\/\/www.alle-noten.de\/Musikerziehung\/Musik-Fantasie-1-Schuelerheft.html?\" target=\"_blank\" rel=\"noopener\">Musik Fantasie Sch\u00fclerheft 1<\/a> ist ein Musikbuch, das ideal f\u00fcr das erste Jahr der musikalischen Fr\u00fcherziehung geeignet ist. Kinder lernen spielerisch das Notenlesen, und d\u00fcrfen ihr Wissen unter Beweis stellen.<\/li>\n<\/ul>\n<div id=\"attachment_231\" style=\"width: 650px\" class=\"wp-caption alignnone\"><img loading=\"lazy\" decoding=\"async\" aria-describedby=\"caption-attachment-231\" class=\"size-full wp-image-231\" src=\"https:\/\/www.alle-noten.de\/magazin\/wp-content\/uploads\/2016\/02\/Sozialkompetenz_11.jpg\" alt=\"Mit der Musikfantasie spielerisch das Notenlesen lernen. \" width=\"640\" height=\"427\" srcset=\"https:\/\/www.alle-noten.de\/magazin\/wp-content\/uploads\/2016\/02\/Sozialkompetenz_11.jpg 640w, https:\/\/www.alle-noten.de\/magazin\/wp-content\/uploads\/2016\/02\/Sozialkompetenz_11-300x200.jpg 300w\" sizes=\"auto, (max-width: 640px) 100vw, 640px\" \/><p id=\"caption-attachment-231\" class=\"wp-caption-text\"><em>Mit der \u201eMusikfantasie\u201c spielerisch das Notenlesen lernen.<\/em><\/p><\/div>\n<ul>\n<li><strong>Die Rhythmusraupe: <\/strong>In der <a href=\"https:\/\/www.alle-noten.de\/Musikerziehung\/Die-Rhythmusraupe.html?\" target=\"_blank\" rel=\"noopener\">Rhythmusraupe<\/a> finden Lehrer Ideen f\u00fcr Musik und Tanz sowie Spielvorschl\u00e4ge. Die zugeh\u00f6rige CD bietet tolle H\u00f6rbeispiele.<\/li>\n<\/ul>\n<div id=\"attachment_233\" style=\"width: 650px\" class=\"wp-caption alignnone\"><img loading=\"lazy\" decoding=\"async\" aria-describedby=\"caption-attachment-233\" class=\"size-full wp-image-233\" src=\"https:\/\/www.alle-noten.de\/magazin\/wp-content\/uploads\/2016\/02\/Sozialkompetenz_13.jpg\" alt=\"Tolle Musik-Spiele und Arbeitsb\u00f6gen bietet die Rhythmusraupe.\" width=\"640\" height=\"427\" srcset=\"https:\/\/www.alle-noten.de\/magazin\/wp-content\/uploads\/2016\/02\/Sozialkompetenz_13.jpg 640w, https:\/\/www.alle-noten.de\/magazin\/wp-content\/uploads\/2016\/02\/Sozialkompetenz_13-300x200.jpg 300w\" sizes=\"auto, (max-width: 640px) 100vw, 640px\" \/><p id=\"caption-attachment-233\" class=\"wp-caption-text\"><em>Tolle Musik-Spiele und Arbeitsb\u00f6gen bietet die \u201eRhythmusraupe\u201c.<\/em><\/p><\/div>\n<ul>\n<li><strong>Instrumentenkarussell<\/strong>: Spielerisch alle Musikinstrumente ausprobieren und Noten- sowie Pausenwerte erlernen: Das ist das Ziel von <a href=\"https:\/\/www.alle-noten.de\/Musikerziehung\/INKA-Das-Instrumentenkarussell-Schuelerheft.html?\" target=\"_blank\" rel=\"noopener\">INKA Das Instrumentenkarussell<\/a>.<\/li>\n<\/ul>\n<div id=\"attachment_227\" style=\"width: 650px\" class=\"wp-caption alignnone\"><img loading=\"lazy\" decoding=\"async\" aria-describedby=\"caption-attachment-227\" class=\"size-full wp-image-227\" src=\"https:\/\/www.alle-noten.de\/magazin\/wp-content\/uploads\/2016\/02\/Sozialkompetenz_07.jpg\" alt=\"Wie sieht eine Trompete aus und wieviel Saiten hat eine Geige? Musiksch\u00fcler k\u00f6nnen ihr Wissen im Instrumentenkarussell testen.\" width=\"640\" height=\"427\" srcset=\"https:\/\/www.alle-noten.de\/magazin\/wp-content\/uploads\/2016\/02\/Sozialkompetenz_07.jpg 640w, https:\/\/www.alle-noten.de\/magazin\/wp-content\/uploads\/2016\/02\/Sozialkompetenz_07-300x200.jpg 300w\" sizes=\"auto, (max-width: 640px) 100vw, 640px\" \/><p id=\"caption-attachment-227\" class=\"wp-caption-text\"><em>Wie sieht eine Trompete aus und wieviel Saiten hat eine Geige? Musiksch\u00fcler k\u00f6nnen ihr Wissen im \u201eInstrumentenkarussell\u201c testen.<\/em><\/p><\/div>\n<ul>\n<li><strong>Fr\u00fchlings-Musik im Kindergarten: <\/strong>Mit der <a href=\"https:\/\/www.alle-noten.de\/Musikerziehung\/Fruehlings-Musik-im-Kindergarten.html?listtype=search&#038;searchparam=schuh310\" target=\"_blank\" rel=\"noopener\">Fr\u00fchlings-Musik<\/a> im Kindergarten k\u00f6nnen schon die Kleinsten musikalisch die Jahreszeiten entdecken.<\/li>\n<li><strong>R<\/strong><strong>\u00e4tselspa\u00df mit Pius<\/strong>: <a href=\"https:\/\/www.alle-noten.de\/Musikerziehung\/Raetselspass-mit-Pius.html\" target=\"_blank\" rel=\"noopener\">R\u00e4tselspa\u00df mit Pius<\/a> bietet 40 Arbeitsbl\u00e4tter voller R\u00e4tsel und Spiele, die musikalisches Basiswissen vermitteln.<\/li>\n<\/ul>\n<div id=\"attachment_230\" style=\"width: 650px\" class=\"wp-caption alignnone\"><img loading=\"lazy\" decoding=\"async\" aria-describedby=\"caption-attachment-230\" class=\"size-full wp-image-230\" src=\"https:\/\/www.alle-noten.de\/magazin\/wp-content\/uploads\/2016\/02\/Sozialkompetenz_10.jpg\" alt=\"Musikalisch den Fr\u00fchling begr\u00fc\u00dfen und Musik-Grundlagen mithilfe von R\u00e4tseln erlernen: Die Fr\u00fchlings-Musik und der R\u00e4tselspa\u00df mit Pius machen den Kleinsten viel Spa\u00df.\" width=\"640\" height=\"427\" srcset=\"https:\/\/www.alle-noten.de\/magazin\/wp-content\/uploads\/2016\/02\/Sozialkompetenz_10.jpg 640w, https:\/\/www.alle-noten.de\/magazin\/wp-content\/uploads\/2016\/02\/Sozialkompetenz_10-300x200.jpg 300w\" sizes=\"auto, (max-width: 640px) 100vw, 640px\" \/><p id=\"caption-attachment-230\" class=\"wp-caption-text\"><em>Musikalisch den Fr\u00fchling begr\u00fc\u00dfen und Musik-Grundlagen mithilfe von R\u00e4tseln erlernen: Die \u201eFr\u00fchlings-Musik\u201c und der \u201eR\u00e4tselspa\u00df mit Pius\u201c machen den Kleinsten viel Spa\u00df.<\/em><\/p><\/div>\n<h3>Ensemble\/Schulorchester\/Chor \u2013 unsere Top 5<\/h3>\n<p>Teamarbeit und gute Kommunikation ist beim Musizieren in einem Ensemble oder Chor gefragt. Die passenden Noten daf\u00fcr finden Sie bei uns in den Kategorien <a href=\"http:\/\/www.alle-noten.de\/ensemble\/\">Ensemble Noten<\/a> und <a href=\"http:\/\/www.alle-noten.de\/chor\/\">Chornoten<\/a>.<\/p>\n<div id=\"attachment_221\" style=\"width: 650px\" class=\"wp-caption alignnone\"><img loading=\"lazy\" decoding=\"async\" aria-describedby=\"caption-attachment-221\" class=\"size-full wp-image-221\" src=\"https:\/\/www.alle-noten.de\/magazin\/wp-content\/uploads\/2016\/02\/Sozialkompetenz_01.jpg\" alt=\"Bei \u201e99 Songs\u201c ist sicherlich das Passende f\u00fcr jeden Kinderchor dabei. \" width=\"640\" height=\"427\" srcset=\"https:\/\/www.alle-noten.de\/magazin\/wp-content\/uploads\/2016\/02\/Sozialkompetenz_01.jpg 640w, https:\/\/www.alle-noten.de\/magazin\/wp-content\/uploads\/2016\/02\/Sozialkompetenz_01-300x200.jpg 300w\" sizes=\"auto, (max-width: 640px) 100vw, 640px\" \/><p id=\"caption-attachment-221\" class=\"wp-caption-text\"><em>Bei \u201e99 Songs\u201c ist sicherlich das Passende f\u00fcr jeden Kinderchor dabei.<\/em><\/p><\/div>\n<ul>\n<li><strong>Die Kinder des Monsieur Mathieu: <\/strong>Drei Songs aus dem bekannten franz\u00f6sischen Film bietet das <a href=\"https:\/\/www.alle-noten.de\/Chor\/Kinderchor\/Chorissimo-Movie-1-Die-Kinder-des-Monsieur-Mathieu-nr-1.html\" target=\"_blank\" rel=\"noopener\">Notenbuch Die Kinder des Monsieur Mathieu<\/a>. Die Kompositionen sind f\u00fcr einen zweistimmigen Kinderchor geeignet und werden von Streichern oder einem Klavier begleitet. Eine deutsche \u00dcbersetzung ist enthalten.<\/li>\n<\/ul>\n<div id=\"attachment_223\" style=\"width: 650px\" class=\"wp-caption alignnone\"><img loading=\"lazy\" decoding=\"async\" aria-describedby=\"caption-attachment-223\" class=\"size-full wp-image-223\" src=\"https:\/\/www.alle-noten.de\/magazin\/wp-content\/uploads\/2016\/02\/Sozialkompetenz_03.jpg\" alt=\"Perfekt f\u00fcr Kinderstimmen: Die drei sch\u00f6nsten Songs aus \u201eDie Kinder des Monsieur Mathieu\u201c.\" width=\"640\" height=\"427\" srcset=\"https:\/\/www.alle-noten.de\/magazin\/wp-content\/uploads\/2016\/02\/Sozialkompetenz_03.jpg 640w, https:\/\/www.alle-noten.de\/magazin\/wp-content\/uploads\/2016\/02\/Sozialkompetenz_03-300x200.jpg 300w\" sizes=\"auto, (max-width: 640px) 100vw, 640px\" \/><p id=\"caption-attachment-223\" class=\"wp-caption-text\"><em>Perfekt f\u00fcr Kinderstimmen: Die drei sch\u00f6nsten Songs aus \u201eDie Kinder des Monsieur Mathieu\u201c.<\/em><\/p><\/div>\n<ul>\n<li><strong>Easy Pop Chor: <\/strong>Das <a href=\"https:\/\/www.alle-noten.de\/Chor\/Gemischter-Chor\/Easy-Pop-Chor-1-Deutsch-Pop.html\" target=\"_blank\" rel=\"noopener\">Notenbuch Easy Pop Chor Vol. 1<\/a> bietet f\u00fcnf einfache Arrangements deutscher Popsongs f\u00fcr zwei- bis dreistimmigen Chor. Ideal f\u00fcr Schul- und Jugendch\u00f6re geeignet.<\/li>\n<\/ul>\n<div id=\"attachment_224\" style=\"width: 650px\" class=\"wp-caption alignnone\"><img loading=\"lazy\" decoding=\"async\" aria-describedby=\"caption-attachment-224\" class=\"size-full wp-image-224\" src=\"https:\/\/www.alle-noten.de\/magazin\/wp-content\/uploads\/2016\/02\/Sozialkompetenz_04.jpg\" alt=\"Deutsche Popsongs von Nena, Echt und Tim Bendzko: auch f\u00fcr Anf\u00e4nger leicht nachzusingen. \" width=\"640\" height=\"427\" srcset=\"https:\/\/www.alle-noten.de\/magazin\/wp-content\/uploads\/2016\/02\/Sozialkompetenz_04.jpg 640w, https:\/\/www.alle-noten.de\/magazin\/wp-content\/uploads\/2016\/02\/Sozialkompetenz_04-300x200.jpg 300w\" sizes=\"auto, (max-width: 640px) 100vw, 640px\" \/><p id=\"caption-attachment-224\" class=\"wp-caption-text\"><em>Deutsche Popsongs von Nena, Echt und Tim Bendzko: auch f\u00fcr Anf\u00e4nger leicht nachzusingen.<\/em><\/p><\/div>\n<ul>\n<li><strong>Rhythmusspiele: <\/strong><a href=\"https:\/\/www.alle-noten.de\/Musikerziehung\/Rhythmusspiele-der-Welt.html\" target=\"_blank\" rel=\"noopener\">Rhythmusspiele der Welt von Rolf Grillo<\/a> bietet Spielideen aus aller Welt f\u00fcr zwei bis 300 Mitspieler, die spielerisch das Rhythmusgef\u00fchl schulen. Dank der beigelegten CD und DVD f\u00e4llt es leicht, die Lieder und Choreografien schnell zu erlernen.<\/li>\n<\/ul>\n<ul>\n<li><strong>Summer of 69: <\/strong>Mit unseren <a href=\"https:\/\/www.alle-noten.de\/Gemischtes-Ensemble\/Summer-Of-69.html\" target=\"_blank\" rel=\"noopener\">Noten f\u00fcr Summer of 69<\/a> kann ihr Ensemble ganz einfach den Pop-Klassiker des kanadischen Musikers Bryan Adams nachspielen. Die Arrangements sind flexibel einsetzbar und f\u00fcr 4 Stimmen angelegt.<\/li>\n<\/ul>\n<div id=\"attachment_234\" style=\"width: 650px\" class=\"wp-caption alignnone\"><img loading=\"lazy\" decoding=\"async\" aria-describedby=\"caption-attachment-234\" class=\"size-full wp-image-234\" src=\"https:\/\/www.alle-noten.de\/magazin\/wp-content\/uploads\/2016\/02\/Sozialkompetenz_14.jpg\" alt=\"Spielerisch Rhythmusgef\u00fchl erlernen und im Ensemble \u201eSummer of 69\u201c spielen: So macht Musikunterricht Spa\u00df. \" width=\"640\" height=\"427\" srcset=\"https:\/\/www.alle-noten.de\/magazin\/wp-content\/uploads\/2016\/02\/Sozialkompetenz_14.jpg 640w, https:\/\/www.alle-noten.de\/magazin\/wp-content\/uploads\/2016\/02\/Sozialkompetenz_14-300x200.jpg 300w\" sizes=\"auto, (max-width: 640px) 100vw, 640px\" \/><p id=\"caption-attachment-234\" class=\"wp-caption-text\"><em>Spielerisch Rhythmusgef\u00fchl erlernen und im Ensemble \u201eSummer of 69\u201c spielen: So macht Musikunterricht Spa\u00df.<\/em><\/p><\/div>\n<p><strong>Was ist Ihre Meinung zum Zusammenspiel von Musikunterricht und Sozialkompetenz? Haben Sie bei sich selber oder Kindern in Ihrem Umfeld positive Effekte der Musikausbildung bemerkt? Wir freuen uns auf Ihre Kommentare! <\/strong><\/p>\n<p><strong>Und falls Sie auf der Suche nach noch mehr Notenb\u00fcchern sind: Schauen Sie doch einfach in unserem <\/strong><strong><a href=\"https:\/\/www.alle-noten.de\/\" target=\"_blank\" rel=\"noopener\">Shop<\/a><\/strong><strong> vorbei.<\/strong><\/p>\n<p><strong>\u00a0<\/strong><\/p>\n<hr \/>\n<p><strong>Bildnachweise:<\/strong><br \/>\nTitelbild: \u00a9 iStock\/ZouZou1, Bild 1, 2, 3: \u00a9 iStock\/Highwaystarz-Photography, Bild 4 (Collage): Links: \u00a9 Sonja Wietzel-Winkler\/Wikimedia Commons, rechts: (\u00a9 Hans-Peter Schwarzenbach\/Wikimedia Commons, Bild 5: \u00a9 iStock\/monkeybusinessimages<\/p>\n","protected":false},"excerpt":{"rendered":"<p>Was ist Sozialkompetenz und warum ist sie wichtig? Musizieren f\u00f6rdert die soziale Kompetenz \u2013 das ist nicht nur Theorie, sondern bewiesene Tatsache. Wir sagen Ihnen, warum sich der Musikunterricht nicht nur musikalisch positiv auf Kinder und Jugendliche auswirkt.<\/p>\n","protected":false},"author":1001,"featured_media":229,"comment_status":"closed","ping_status":"closed","sticky":false,"template":"","format":"standard","meta":{"footnotes":""},"categories":[3],"tags":[],"class_list":["post-235","post","type-post","status-publish","format-standard","has-post-thumbnail","hentry","category-paedagogik"],"yoast_head":"<!-- This site is optimized with the Yoast SEO plugin v27.2 - https:\/\/yoast.com\/product\/yoast-seo-wordpress\/ -->\n<title>Sozialkompetenz f\u00f6rdern durch Musikerziehung<\/title>\n<meta name=\"description\" content=\"Musik f\u00f6rdert die soziale Kompetenz. Wir erkl\u00e4ren, warum Kinder musizieren sollten und geben Tipps f\u00fcr die Musikerziehung.\" \/>\n<meta name=\"robots\" content=\"index, follow, max-snippet:-1, max-image-preview:large, max-video-preview:-1\" \/>\n<link rel=\"canonical\" href=\"https:\/\/www.alle-noten.de\/magazin\/sozialkompetenz-foerdern-durch-musikerziehung\/\" \/>\n<meta property=\"og:locale\" content=\"de_DE\" \/>\n<meta property=\"og:type\" content=\"article\" \/>\n<meta property=\"og:title\" content=\"Sozialkompetenz f\u00f6rdern durch Musikerziehung\" \/>\n<meta property=\"og:description\" content=\"Musik f\u00f6rdert die soziale Kompetenz. Wir erkl\u00e4ren, warum Kinder musizieren sollten und geben Tipps f\u00fcr die Musikerziehung.\" \/>\n<meta property=\"og:url\" content=\"https:\/\/www.alle-noten.de\/magazin\/sozialkompetenz-foerdern-durch-musikerziehung\/\" \/>\n<meta property=\"og:site_name\" content=\"alle-noten Magazin\" \/>\n<meta property=\"article:published_time\" content=\"2016-02-16T12:36:53+00:00\" \/>\n<meta property=\"article:modified_time\" content=\"2023-09-13T11:29:04+00:00\" \/>\n<meta property=\"og:image\" content=\"https:\/\/www.alle-noten.de\/magazin\/wp-content\/uploads\/2016\/02\/Sozialkompetenz_09.jpg\" \/>\n\t<meta property=\"og:image:width\" content=\"640\" \/>\n\t<meta property=\"og:image:height\" content=\"425\" \/>\n\t<meta property=\"og:image:type\" content=\"image\/jpeg\" \/>\n<meta name=\"author\" content=\"Christoph Stockmeyer-Dees\" \/>\n<meta name=\"twitter:card\" content=\"summary_large_image\" \/>\n<meta name=\"twitter:label1\" content=\"Verfasst von\" \/>\n\t<meta name=\"twitter:data1\" content=\"Christoph Stockmeyer-Dees\" \/>\n\t<meta name=\"twitter:label2\" content=\"Gesch\u00e4tzte Lesezeit\" \/>\n\t<meta name=\"twitter:data2\" content=\"12\u00a0Minuten\" \/>\n<script type=\"application\/ld+json\" class=\"yoast-schema-graph\">{\"@context\":\"https:\/\/schema.org\",\"@graph\":[{\"@type\":\"Article\",\"@id\":\"https:\/\/www.alle-noten.de\/magazin\/sozialkompetenz-foerdern-durch-musikerziehung\/#article\",\"isPartOf\":{\"@id\":\"https:\/\/www.alle-noten.de\/magazin\/sozialkompetenz-foerdern-durch-musikerziehung\/\"},\"author\":{\"name\":\"Christoph Stockmeyer-Dees\",\"@id\":\"https:\/\/www.alle-noten.de\/magazin\/#\/schema\/person\/7d70a0ad3787840cda5f33e623e391cd\"},\"headline\":\"Sozialkompetenz f\u00f6rdern durch Musikerziehung\",\"datePublished\":\"2016-02-16T12:36:53+00:00\",\"dateModified\":\"2023-09-13T11:29:04+00:00\",\"mainEntityOfPage\":{\"@id\":\"https:\/\/www.alle-noten.de\/magazin\/sozialkompetenz-foerdern-durch-musikerziehung\/\"},\"wordCount\":1642,\"image\":{\"@id\":\"https:\/\/www.alle-noten.de\/magazin\/sozialkompetenz-foerdern-durch-musikerziehung\/#primaryimage\"},\"thumbnailUrl\":\"https:\/\/www.alle-noten.de\/magazin\/wp-content\/uploads\/2016\/02\/Sozialkompetenz_09.jpg\",\"articleSection\":[\"P\u00e4dagogik\"],\"inLanguage\":\"de\"},{\"@type\":\"WebPage\",\"@id\":\"https:\/\/www.alle-noten.de\/magazin\/sozialkompetenz-foerdern-durch-musikerziehung\/\",\"url\":\"https:\/\/www.alle-noten.de\/magazin\/sozialkompetenz-foerdern-durch-musikerziehung\/\",\"name\":\"Sozialkompetenz f\u00f6rdern durch Musikerziehung\",\"isPartOf\":{\"@id\":\"https:\/\/www.alle-noten.de\/magazin\/#website\"},\"primaryImageOfPage\":{\"@id\":\"https:\/\/www.alle-noten.de\/magazin\/sozialkompetenz-foerdern-durch-musikerziehung\/#primaryimage\"},\"image\":{\"@id\":\"https:\/\/www.alle-noten.de\/magazin\/sozialkompetenz-foerdern-durch-musikerziehung\/#primaryimage\"},\"thumbnailUrl\":\"https:\/\/www.alle-noten.de\/magazin\/wp-content\/uploads\/2016\/02\/Sozialkompetenz_09.jpg\",\"datePublished\":\"2016-02-16T12:36:53+00:00\",\"dateModified\":\"2023-09-13T11:29:04+00:00\",\"author\":{\"@id\":\"https:\/\/www.alle-noten.de\/magazin\/#\/schema\/person\/7d70a0ad3787840cda5f33e623e391cd\"},\"description\":\"Musik f\u00f6rdert die soziale Kompetenz. Wir erkl\u00e4ren, warum Kinder musizieren sollten und geben Tipps f\u00fcr die Musikerziehung.\",\"breadcrumb\":{\"@id\":\"https:\/\/www.alle-noten.de\/magazin\/sozialkompetenz-foerdern-durch-musikerziehung\/#breadcrumb\"},\"inLanguage\":\"de\",\"potentialAction\":[{\"@type\":\"ReadAction\",\"target\":[\"https:\/\/www.alle-noten.de\/magazin\/sozialkompetenz-foerdern-durch-musikerziehung\/\"]}]},{\"@type\":\"ImageObject\",\"inLanguage\":\"de\",\"@id\":\"https:\/\/www.alle-noten.de\/magazin\/sozialkompetenz-foerdern-durch-musikerziehung\/#primaryimage\",\"url\":\"https:\/\/www.alle-noten.de\/magazin\/wp-content\/uploads\/2016\/02\/Sozialkompetenz_09.jpg\",\"contentUrl\":\"https:\/\/www.alle-noten.de\/magazin\/wp-content\/uploads\/2016\/02\/Sozialkompetenz_09.jpg\",\"width\":640,\"height\":425,\"caption\":\"Was ist Sozialkompetenz und warum ist sie wichtig? (\u00a9 iStock\/ZouZou1)\"},{\"@type\":\"BreadcrumbList\",\"@id\":\"https:\/\/www.alle-noten.de\/magazin\/sozialkompetenz-foerdern-durch-musikerziehung\/#breadcrumb\",\"itemListElement\":[{\"@type\":\"ListItem\",\"position\":1,\"name\":\"Home\",\"item\":\"https:\/\/www.alle-noten.de\/magazin\/\"},{\"@type\":\"ListItem\",\"position\":2,\"name\":\"Sozialkompetenz f\u00f6rdern durch Musikerziehung\"}]},{\"@type\":\"WebSite\",\"@id\":\"https:\/\/www.alle-noten.de\/magazin\/#website\",\"url\":\"https:\/\/www.alle-noten.de\/magazin\/\",\"name\":\"alle-noten Magazin\",\"description\":\"\",\"potentialAction\":[{\"@type\":\"SearchAction\",\"target\":{\"@type\":\"EntryPoint\",\"urlTemplate\":\"https:\/\/www.alle-noten.de\/magazin\/?s={search_term_string}\"},\"query-input\":{\"@type\":\"PropertyValueSpecification\",\"valueRequired\":true,\"valueName\":\"search_term_string\"}}],\"inLanguage\":\"de\"},{\"@type\":\"Person\",\"@id\":\"https:\/\/www.alle-noten.de\/magazin\/#\/schema\/person\/7d70a0ad3787840cda5f33e623e391cd\",\"name\":\"Christoph Stockmeyer-Dees\",\"image\":{\"@type\":\"ImageObject\",\"inLanguage\":\"de\",\"@id\":\"https:\/\/secure.gravatar.com\/avatar\/1d116d9edd52dab89261444a5805c91b0bc908625d99c2a75b59a459ba7f8ae5?s=96&d=https%3A%2F%2Fwww.alle-noten.de%2Fmagazin%2Fwp-content%2Fthemes%2Fallenoten%2Fimg%2Favatar.png&r=g\",\"url\":\"https:\/\/secure.gravatar.com\/avatar\/1d116d9edd52dab89261444a5805c91b0bc908625d99c2a75b59a459ba7f8ae5?s=96&d=https%3A%2F%2Fwww.alle-noten.de%2Fmagazin%2Fwp-content%2Fthemes%2Fallenoten%2Fimg%2Favatar.png&r=g\",\"contentUrl\":\"https:\/\/secure.gravatar.com\/avatar\/1d116d9edd52dab89261444a5805c91b0bc908625d99c2a75b59a459ba7f8ae5?s=96&d=https%3A%2F%2Fwww.alle-noten.de%2Fmagazin%2Fwp-content%2Fthemes%2Fallenoten%2Fimg%2Favatar.png&r=g\",\"caption\":\"Christoph Stockmeyer-Dees\"}}]}<\/script>\n<!-- \/ Yoast SEO plugin. -->","yoast_head_json":{"title":"Sozialkompetenz f\u00f6rdern durch Musikerziehung","description":"Musik f\u00f6rdert die soziale Kompetenz. Wir erkl\u00e4ren, warum Kinder musizieren sollten und geben Tipps f\u00fcr die Musikerziehung.","robots":{"index":"index","follow":"follow","max-snippet":"max-snippet:-1","max-image-preview":"max-image-preview:large","max-video-preview":"max-video-preview:-1"},"canonical":"https:\/\/www.alle-noten.de\/magazin\/sozialkompetenz-foerdern-durch-musikerziehung\/","og_locale":"de_DE","og_type":"article","og_title":"Sozialkompetenz f\u00f6rdern durch Musikerziehung","og_description":"Musik f\u00f6rdert die soziale Kompetenz. Wir erkl\u00e4ren, warum Kinder musizieren sollten und geben Tipps f\u00fcr die Musikerziehung.","og_url":"https:\/\/www.alle-noten.de\/magazin\/sozialkompetenz-foerdern-durch-musikerziehung\/","og_site_name":"alle-noten Magazin","article_published_time":"2016-02-16T12:36:53+00:00","article_modified_time":"2023-09-13T11:29:04+00:00","og_image":[{"width":640,"height":425,"url":"https:\/\/www.alle-noten.de\/magazin\/wp-content\/uploads\/2016\/02\/Sozialkompetenz_09.jpg","type":"image\/jpeg"}],"author":"Christoph Stockmeyer-Dees","twitter_card":"summary_large_image","twitter_misc":{"Verfasst von":"Christoph Stockmeyer-Dees","Gesch\u00e4tzte Lesezeit":"12\u00a0Minuten"},"schema":{"@context":"https:\/\/schema.org","@graph":[{"@type":"Article","@id":"https:\/\/www.alle-noten.de\/magazin\/sozialkompetenz-foerdern-durch-musikerziehung\/#article","isPartOf":{"@id":"https:\/\/www.alle-noten.de\/magazin\/sozialkompetenz-foerdern-durch-musikerziehung\/"},"author":{"name":"Christoph Stockmeyer-Dees","@id":"https:\/\/www.alle-noten.de\/magazin\/#\/schema\/person\/7d70a0ad3787840cda5f33e623e391cd"},"headline":"Sozialkompetenz f\u00f6rdern durch Musikerziehung","datePublished":"2016-02-16T12:36:53+00:00","dateModified":"2023-09-13T11:29:04+00:00","mainEntityOfPage":{"@id":"https:\/\/www.alle-noten.de\/magazin\/sozialkompetenz-foerdern-durch-musikerziehung\/"},"wordCount":1642,"image":{"@id":"https:\/\/www.alle-noten.de\/magazin\/sozialkompetenz-foerdern-durch-musikerziehung\/#primaryimage"},"thumbnailUrl":"https:\/\/www.alle-noten.de\/magazin\/wp-content\/uploads\/2016\/02\/Sozialkompetenz_09.jpg","articleSection":["P\u00e4dagogik"],"inLanguage":"de"},{"@type":"WebPage","@id":"https:\/\/www.alle-noten.de\/magazin\/sozialkompetenz-foerdern-durch-musikerziehung\/","url":"https:\/\/www.alle-noten.de\/magazin\/sozialkompetenz-foerdern-durch-musikerziehung\/","name":"Sozialkompetenz f\u00f6rdern durch Musikerziehung","isPartOf":{"@id":"https:\/\/www.alle-noten.de\/magazin\/#website"},"primaryImageOfPage":{"@id":"https:\/\/www.alle-noten.de\/magazin\/sozialkompetenz-foerdern-durch-musikerziehung\/#primaryimage"},"image":{"@id":"https:\/\/www.alle-noten.de\/magazin\/sozialkompetenz-foerdern-durch-musikerziehung\/#primaryimage"},"thumbnailUrl":"https:\/\/www.alle-noten.de\/magazin\/wp-content\/uploads\/2016\/02\/Sozialkompetenz_09.jpg","datePublished":"2016-02-16T12:36:53+00:00","dateModified":"2023-09-13T11:29:04+00:00","author":{"@id":"https:\/\/www.alle-noten.de\/magazin\/#\/schema\/person\/7d70a0ad3787840cda5f33e623e391cd"},"description":"Musik f\u00f6rdert die soziale Kompetenz. Wir erkl\u00e4ren, warum Kinder musizieren sollten und geben Tipps f\u00fcr die Musikerziehung.","breadcrumb":{"@id":"https:\/\/www.alle-noten.de\/magazin\/sozialkompetenz-foerdern-durch-musikerziehung\/#breadcrumb"},"inLanguage":"de","potentialAction":[{"@type":"ReadAction","target":["https:\/\/www.alle-noten.de\/magazin\/sozialkompetenz-foerdern-durch-musikerziehung\/"]}]},{"@type":"ImageObject","inLanguage":"de","@id":"https:\/\/www.alle-noten.de\/magazin\/sozialkompetenz-foerdern-durch-musikerziehung\/#primaryimage","url":"https:\/\/www.alle-noten.de\/magazin\/wp-content\/uploads\/2016\/02\/Sozialkompetenz_09.jpg","contentUrl":"https:\/\/www.alle-noten.de\/magazin\/wp-content\/uploads\/2016\/02\/Sozialkompetenz_09.jpg","width":640,"height":425,"caption":"Was ist Sozialkompetenz und warum ist sie wichtig? (\u00a9 iStock\/ZouZou1)"},{"@type":"BreadcrumbList","@id":"https:\/\/www.alle-noten.de\/magazin\/sozialkompetenz-foerdern-durch-musikerziehung\/#breadcrumb","itemListElement":[{"@type":"ListItem","position":1,"name":"Home","item":"https:\/\/www.alle-noten.de\/magazin\/"},{"@type":"ListItem","position":2,"name":"Sozialkompetenz f\u00f6rdern durch Musikerziehung"}]},{"@type":"WebSite","@id":"https:\/\/www.alle-noten.de\/magazin\/#website","url":"https:\/\/www.alle-noten.de\/magazin\/","name":"alle-noten Magazin","description":"","potentialAction":[{"@type":"SearchAction","target":{"@type":"EntryPoint","urlTemplate":"https:\/\/www.alle-noten.de\/magazin\/?s={search_term_string}"},"query-input":{"@type":"PropertyValueSpecification","valueRequired":true,"valueName":"search_term_string"}}],"inLanguage":"de"},{"@type":"Person","@id":"https:\/\/www.alle-noten.de\/magazin\/#\/schema\/person\/7d70a0ad3787840cda5f33e623e391cd","name":"Christoph Stockmeyer-Dees","image":{"@type":"ImageObject","inLanguage":"de","@id":"https:\/\/secure.gravatar.com\/avatar\/1d116d9edd52dab89261444a5805c91b0bc908625d99c2a75b59a459ba7f8ae5?s=96&d=https%3A%2F%2Fwww.alle-noten.de%2Fmagazin%2Fwp-content%2Fthemes%2Fallenoten%2Fimg%2Favatar.png&r=g","url":"https:\/\/secure.gravatar.com\/avatar\/1d116d9edd52dab89261444a5805c91b0bc908625d99c2a75b59a459ba7f8ae5?s=96&d=https%3A%2F%2Fwww.alle-noten.de%2Fmagazin%2Fwp-content%2Fthemes%2Fallenoten%2Fimg%2Favatar.png&r=g","contentUrl":"https:\/\/secure.gravatar.com\/avatar\/1d116d9edd52dab89261444a5805c91b0bc908625d99c2a75b59a459ba7f8ae5?s=96&d=https%3A%2F%2Fwww.alle-noten.de%2Fmagazin%2Fwp-content%2Fthemes%2Fallenoten%2Fimg%2Favatar.png&r=g","caption":"Christoph Stockmeyer-Dees"}}]}},"publishpress_future_action":{"enabled":false,"date":"2026-05-07 20:00:28","action":"change-status","newStatus":"draft","terms":[],"taxonomy":"category","extraData":[]},"publishpress_future_workflow_manual_trigger":{"enabledWorkflows":[]},"_links":{"self":[{"href":"https:\/\/www.alle-noten.de\/magazin\/wp-json\/wp\/v2\/posts\/235","targetHints":{"allow":["GET"]}}],"collection":[{"href":"https:\/\/www.alle-noten.de\/magazin\/wp-json\/wp\/v2\/posts"}],"about":[{"href":"https:\/\/www.alle-noten.de\/magazin\/wp-json\/wp\/v2\/types\/post"}],"author":[{"embeddable":true,"href":"https:\/\/www.alle-noten.de\/magazin\/wp-json\/wp\/v2\/users\/1001"}],"replies":[{"embeddable":true,"href":"https:\/\/www.alle-noten.de\/magazin\/wp-json\/wp\/v2\/comments?post=235"}],"version-history":[{"count":24,"href":"https:\/\/www.alle-noten.de\/magazin\/wp-json\/wp\/v2\/posts\/235\/revisions"}],"predecessor-version":[{"id":3335,"href":"https:\/\/www.alle-noten.de\/magazin\/wp-json\/wp\/v2\/posts\/235\/revisions\/3335"}],"wp:featuredmedia":[{"embeddable":true,"href":"https:\/\/www.alle-noten.de\/magazin\/wp-json\/wp\/v2\/media\/229"}],"wp:attachment":[{"href":"https:\/\/www.alle-noten.de\/magazin\/wp-json\/wp\/v2\/media?parent=235"}],"wp:term":[{"taxonomy":"category","embeddable":true,"href":"https:\/\/www.alle-noten.de\/magazin\/wp-json\/wp\/v2\/categories?post=235"},{"taxonomy":"post_tag","embeddable":true,"href":"https:\/\/www.alle-noten.de\/magazin\/wp-json\/wp\/v2\/tags?post=235"}],"curies":[{"name":"wp","href":"https:\/\/api.w.org\/{rel}","templated":true}]}}