{"id":2521,"date":"2019-09-09T09:33:33","date_gmt":"2019-09-09T07:33:33","guid":{"rendered":"https:\/\/www.alle-noten.de\/magazin\/?p=2521"},"modified":"2020-05-15T10:52:12","modified_gmt":"2020-05-15T08:52:12","slug":"clara-schumann-biografie","status":"publish","type":"post","link":"https:\/\/www.alle-noten.de\/magazin\/clara-schumann-biografie\/","title":{"rendered":"Clara Schumann: Biografie und Werke einer Klaviervirtuosin"},"content":{"rendered":"<p>Clara Schumann ist heute vor allem als Frau des genialen Komponisten Robert Schumann bekannt. Doch zu ihrer Zeit stand sie selbst im Rampenlicht. Erfahren Sie anl\u00e4sslich Ihres 200. Geburtstags am 13. September 2019 mehr \u00fcber Ihr eindrucksvolles Leben und schauen Sie sich Ihre Biografie als Video an. Au\u00dferdem: Drei Ihrer bedeutendsten Werke auf einen Blick.<\/p>\n<p><!--more--><\/p>\n<p>Clara Schumann ist heute vor allem als Frau des genialen Komponisten Robert Schumann bekannt. Doch zu ihrer Zeit stand sie selbst im Rampenlicht. Erfahren Sie anl\u00e4sslich Ihres 200. Geburtstags am 13. September 2019 mehr \u00fcber Ihr eindrucksvolles Leben und schauen Sie sich Ihre Biografie als Video an. Au\u00dferdem: Drei Ihrer bedeutendsten Werke auf einen Blick.<\/p>\n<h2>Im Video: Biografie von Clara Schumann<\/h2>\n<p>Vom eigenen Vater unterrichtet, entwickelte sich Clara Schumann, damals noch Clara Wiecks, unter hartem Training zu einem wahren Musikgenie. Wie Sie das Leben als Klaviervirtuosin meisterte, sehen Sie hier in diesem Video \u00fcber ihre Biografie:<\/p>\n<div class=\"video-container\"><iframe loading=\"lazy\" src=\"https:\/\/www.youtube-nocookie.com\/embed\/g8YRz1zF9g0\" width=\"640\" height=\"427\" frameborder=\"0\" allowfullscreen=\"allowfullscreen\"><span style=\"display: inline-block; width: 0px; overflow: hidden; line-height: 0;\" data-mce-type=\"bookmark\" class=\"mce_SELRES_start\">\ufeff<\/span><\/iframe><\/div>\n<h2>Clara Schumanns bedeutendsten Werke<\/h2>\n<p>Als Komponistin schrieb Clara Schumann zahlreiche eigene St\u00fccke. Drei ihrer bekannten Werke stellen wir hier genauer f\u00fcr Sie vor.<\/p>\n<h3>1.\u00a0\u00a0 Drei Lieder aus op. 12<\/h3>\n<p>\u201eGedichte aus Liebesfr\u00fchling\u201c von Friedrich R\u00fcckert ist ein Werk, das Clara Schumann zusammen mit ihrem Mann Robert Schumann komponiert hat. Drei der insgesamt zw\u00f6lf St\u00fccke stammen aus ihrer Hand.<\/p>\n<p>\u201eEr ist gekommen in Sturm und Regen\u201c, \u201eLiebst du um Sch\u00f6nheit\u201c und \u201eWarum willst du andre fragen\u201c (enthalten in \u201e<a href=\"https:\/\/www.alle-noten.de\/Gesang\/Saemtliche-Lieder-Band-1.html\">S\u00e4mtliche Lieder, Band 1<\/a>\u201c) gehen dabei tief unter die Haut und sorgen f\u00fcr den ein oder anderen G\u00e4nsehautmoment. Dabei schwingt bei allen drei Werken eine leichte Traurigkeit mit, die einen umso mehr bewegt.<\/p>\n<p><img loading=\"lazy\" decoding=\"async\" class=\"aligncenter wp-image-2523 size-medium\" src=\"https:\/\/www.alle-noten.de\/magazin\/wp-content\/uploads\/2019\/09\/clara-schumann-gesamtwerk-223x300.png\" alt=\"Buchcover Clara Schumanns &quot;S\u00e4mtliche Lieder&quot;\" width=\"223\" height=\"300\" srcset=\"https:\/\/www.alle-noten.de\/magazin\/wp-content\/uploads\/2019\/09\/clara-schumann-gesamtwerk-223x300.png 223w, https:\/\/www.alle-noten.de\/magazin\/wp-content\/uploads\/2019\/09\/clara-schumann-gesamtwerk.png 604w\" sizes=\"auto, (max-width: 223px) 100vw, 223px\" \/><\/p>\n<p>Es ist sicherlich f\u00fcr jeden Klavierspieler und auch S\u00e4nger eine willkommene Herausforderung, die Gef\u00fchle dieser Lieder so zu transportieren, wie es damals von Clara Schumann beabsichtigt war.<\/p>\n<h3>2.\u00a0\u00a0 Klaviertrio, op. 17<\/h3>\n<p>Viele Musikkritiker sehen das 1846 entstandene \u201e<a href=\"https:\/\/www.alle-noten.de\/Gemischtes-Ensemble\/Klaviertrio-in-g-moll-op-17.html\">Klaviertrio op. 17<\/a>\u201cals den H\u00f6hepunkt des musikalischen Schaffens Clara Schumanns. Zudem es schon zu ihren Lebzeiten eines ihrer bekanntesten Werke war. Sie selbst sieht das eher kritischer und meint, dass dem Werk \u201ehier und dort an Kraft und an der Erfindung fehlt.\u201c<\/p>\n<p>Clara komponierte das Klaviertrio in einer f\u00fcr sie wohl schwierigen Zeit: Die famili\u00e4re Situation war sehr belastend. Robert Schumann erholte sich noch immer von seinem geistigen und k\u00f6rperlichen Zusammenbruch vor zwei Jahren und kam erst langsam wieder auf die Beine. Um die schon jetzt gro\u00dfe Familie zu finanzieren, musste Clara wieder Konzerte spielen. In dieser Zeit entstand das Klaviertrio \u2013 \u00fcbrigens das einzige Kammermusikwerk von Schumann.<\/p>\n<p><img loading=\"lazy\" decoding=\"async\" class=\"aligncenter wp-image-2524 size-medium\" src=\"https:\/\/www.alle-noten.de\/magazin\/wp-content\/uploads\/2019\/09\/clara-schumann-op17-208x300.png\" alt=\"Clara Schumanns Klaviertrio op. 17\" width=\"208\" height=\"300\" srcset=\"https:\/\/www.alle-noten.de\/magazin\/wp-content\/uploads\/2019\/09\/clara-schumann-op17-208x300.png 208w, https:\/\/www.alle-noten.de\/magazin\/wp-content\/uploads\/2019\/09\/clara-schumann-op17.png 584w\" sizes=\"auto, (max-width: 208px) 100vw, 208px\" \/><\/p>\n<h3>3.\u00a0\u00a0 Quatre Polonaises op. 1<\/h3>\n<p>Die erste Komposition von Clara Schumann (\u201e<a href=\"https:\/\/www.alle-noten.de\/Klavier-Orgel-Akkordeon\/Klavier\/Quatre-Polonoises-op-1.html\">Quatre Polonaises op. 1<\/a>\u201c) f\u00e4llt vor allem durch eine originelle Harmonik auf. Diese l\u00e4sst die St\u00fccke leicht und heiter wirken und verleiht ihnen eine guttuende, unbek\u00fcmmerte Frische. Durchaus bemerkenswert ist die Tatsache, dass Clara sie zwischen 1829-1831 im Alter von zehn und elf Jahren komponiert hat.<\/p>\n<p><img loading=\"lazy\" decoding=\"async\" class=\"aligncenter wp-image-2525 size-medium\" src=\"https:\/\/www.alle-noten.de\/magazin\/wp-content\/uploads\/2019\/09\/clara-schumann-quatre-polonoises-221x300.png\" alt=\"Clara Schumanns &quot;Quatre Polonaises&quot;\" width=\"221\" height=\"300\" srcset=\"https:\/\/www.alle-noten.de\/magazin\/wp-content\/uploads\/2019\/09\/clara-schumann-quatre-polonoises-221x300.png 221w, https:\/\/www.alle-noten.de\/magazin\/wp-content\/uploads\/2019\/09\/clara-schumann-quatre-polonoises.png 640w\" sizes=\"auto, (max-width: 221px) 100vw, 221px\" \/><\/p>\n<p>Das St\u00fcck z\u00e4hlt vielleicht nicht zu ihren gr\u00f6\u00dften Meisterwerken, doch geh\u00f6rt es zu den musikalischen Anf\u00e4ngen einer der bedeutendsten Komponistinnen der Welt.<\/p>\n<p>F\u00fcr Klavierspieler sind vor allem die spieltechnischen Anspr\u00fcche, z.B. \u00dcberschlagen der H\u00e4nde, ein Anreiz, sich an diese St\u00fccke zu wagen.<\/p>\n<h2>Clara Schumann: Die Powerfrau hinter der Ausnahmekomponistin<\/h2>\n<p>Clara Schumann war mehr als die Frau des gro\u00dfen Komponisten Robert Schumann. Sie selbst war eine herausragende Musikerin, die heute oft leider viel zu sehr in den Schatten ihres Mannes r\u00fcckt. Mit ihren Kompositionen behauptete sie sich in einer Dom\u00e4ne, die vor allem M\u00e4nner vorbehalten war und auch zu einer Zeit, in der von ann\u00e4hernder Gleichberechtigung keine Rede war.<\/p>\n<p>Deutlich wird dies anhand des Zitats von Musikkritiker Carl Ferdinand Becker \u00fcber Clara Schumanns (damals noch Wieck) Klavierkonzert a-Moll op. 7:<\/p>\n<blockquote><p>\u201e[H]ier wird man auf eine eigne Art \u00fcberrascht, denn der Laie, der Kenner und der Virtuos wird auf gleiche Weise von dem Werke angezogen und f\u00e4nde sich nicht auf dem Titel der Name der Componistin oder h\u00f6rte man das Werk, ohne den Sch\u00f6pfer zu kennen, nie w\u00fcrde man dem Gedanken Raum geben, es sei von einer Dame geschrieben.\u201c<\/p><\/blockquote>\n<p>Doch Clara lie\u00df sich nicht unterkriegen und war zu ihrer Lebzeit sogar bekannter als ihr Ehemann. Auch w\u00e4hrend der Zeit, als Robert seinen geistigen und k\u00f6rperlichen Zusammenbruch erlitt und nach seinem Tod, zeigte Sie Willenskraft, St\u00e4rke und auch Selbstbestimmtheit. Das spiegelt sich auch in Clara Schumanns Werken wider, die wohl zu den sch\u00f6nsten Kompositionen der deutschen Musik geh\u00f6ren.<\/p>\n<p>Sie wollen selbst eines der vielen St\u00fccke von Clara Schumann spielen? In unserem Online Shop finden Sie zu <a href=\"https:\/\/www.alle-noten.de\/Clara-Schumann-200-Geburtstag\/\">Clara Schumanns 200. Geburtstag<\/a> zahlreiche St\u00fccke und Sammlungen von ihr. Wir w\u00fcnschen Ihnen viel Spa\u00df dabei.<\/p>\n<p><strong>Bildnachweis:<\/strong><\/p>\n<p>Titelbild: \u00a9 istock\/Photos.com, Bilder 1-3 \u00a9 alle-noten.de<\/p>\n<p>Bilder im Video: Pauline Viardot-Garcia, Klaus G\u00fcnzel, \u00a9 istock \/johan10\/, \u00a9 istock \/Photos.com, \u00a9 istock\/GeorgiosArt, \u00a9istock \/ZU_09, \u00a9istock bogdanserban, \u00a9istock\/fad1986, \u00a9istock\/GoodGnom\u00a0 \u00a9istock\/khonkangrua ,\u00a9istock\/Kayocci, \u00a9istock\/Axel_wolf<\/p>\n","protected":false},"excerpt":{"rendered":"<p>Clara Schumann ist heute vor allem als Frau des genialen Komponisten Robert Schumann bekannt. Doch zu ihrer Zeit stand sie selbst im Rampenlicht. Erfahren Sie anl\u00e4sslich Ihres 200. Geburtstags am 13. September 2019 mehr \u00fcber Ihr eindrucksvolles Leben und schauen Sie sich Ihre Biografie als Video an. Au\u00dferdem: Drei Ihrer bedeutendsten Werke auf einen Blick.<\/p>\n","protected":false},"author":1002,"featured_media":2522,"comment_status":"closed","ping_status":"closed","sticky":false,"template":"","format":"standard","meta":{"footnotes":""},"categories":[5],"tags":[16,23],"class_list":["post-2521","post","type-post","status-publish","format-standard","has-post-thumbnail","hentry","category-persoenlichkeiten","tag-komponisten","tag-portrait"],"yoast_head":"<!-- This site is optimized with the Yoast SEO plugin v27.2 - https:\/\/yoast.com\/product\/yoast-seo-wordpress\/ -->\n<title>Clara Schumann: Ihre spannende Biografie &amp; 3 ber\u00fchmte Werke<\/title>\n<meta name=\"description\" content=\"Clara Schumanns interessantes Leben als Pianistin &amp; Komponistin: \u2713 Biografie \u2713 Werke \u00bb Erfahren Sie mehr \u00fcber Ihr Lebenswerk.\" \/>\n<meta name=\"robots\" content=\"index, follow, max-snippet:-1, max-image-preview:large, max-video-preview:-1\" \/>\n<link rel=\"canonical\" href=\"https:\/\/www.alle-noten.de\/magazin\/clara-schumann-biografie\/\" \/>\n<meta property=\"og:locale\" content=\"de_DE\" \/>\n<meta property=\"og:type\" content=\"article\" \/>\n<meta property=\"og:title\" content=\"Clara Schumann: Ihre spannende Biografie &amp; 3 ber\u00fchmte Werke\" \/>\n<meta property=\"og:description\" content=\"Clara Schumanns interessantes Leben als Pianistin &amp; Komponistin: \u2713 Biografie \u2713 Werke \u00bb Erfahren Sie mehr \u00fcber Ihr Lebenswerk.\" \/>\n<meta property=\"og:url\" content=\"https:\/\/www.alle-noten.de\/magazin\/clara-schumann-biografie\/\" \/>\n<meta property=\"og:site_name\" content=\"alle-noten Magazin\" \/>\n<meta property=\"article:published_time\" content=\"2019-09-09T07:33:33+00:00\" \/>\n<meta property=\"article:modified_time\" content=\"2020-05-15T08:52:12+00:00\" \/>\n<meta property=\"og:image\" content=\"https:\/\/www.alle-noten.de\/magazin\/wp-content\/uploads\/2019\/09\/clara-schumann.png\" \/>\n\t<meta property=\"og:image:width\" content=\"640\" \/>\n\t<meta property=\"og:image:height\" content=\"387\" \/>\n\t<meta property=\"og:image:type\" content=\"image\/png\" \/>\n<meta name=\"author\" content=\"Felix Meyer\" \/>\n<meta name=\"twitter:card\" content=\"summary_large_image\" \/>\n<meta name=\"twitter:label1\" content=\"Verfasst von\" \/>\n\t<meta name=\"twitter:data1\" content=\"Felix Meyer\" \/>\n\t<meta name=\"twitter:label2\" content=\"Gesch\u00e4tzte Lesezeit\" \/>\n\t<meta name=\"twitter:data2\" content=\"4\u00a0Minuten\" \/>\n<script type=\"application\/ld+json\" class=\"yoast-schema-graph\">{\"@context\":\"https:\/\/schema.org\",\"@graph\":[{\"@type\":\"Article\",\"@id\":\"https:\/\/www.alle-noten.de\/magazin\/clara-schumann-biografie\/#article\",\"isPartOf\":{\"@id\":\"https:\/\/www.alle-noten.de\/magazin\/clara-schumann-biografie\/\"},\"author\":{\"name\":\"Felix Meyer\",\"@id\":\"https:\/\/www.alle-noten.de\/magazin\/#\/schema\/person\/422c0360fa3e580313a9e4b98e90aefb\"},\"headline\":\"Clara Schumann: Biografie und Werke einer Klaviervirtuosin\",\"datePublished\":\"2019-09-09T07:33:33+00:00\",\"dateModified\":\"2020-05-15T08:52:12+00:00\",\"mainEntityOfPage\":{\"@id\":\"https:\/\/www.alle-noten.de\/magazin\/clara-schumann-biografie\/\"},\"wordCount\":824,\"image\":{\"@id\":\"https:\/\/www.alle-noten.de\/magazin\/clara-schumann-biografie\/#primaryimage\"},\"thumbnailUrl\":\"https:\/\/www.alle-noten.de\/magazin\/wp-content\/uploads\/2019\/09\/clara-schumann.png\",\"keywords\":[\"Komponisten\",\"Portrait\"],\"articleSection\":[\"Pers\u00f6nlichkeiten\"],\"inLanguage\":\"de\"},{\"@type\":\"WebPage\",\"@id\":\"https:\/\/www.alle-noten.de\/magazin\/clara-schumann-biografie\/\",\"url\":\"https:\/\/www.alle-noten.de\/magazin\/clara-schumann-biografie\/\",\"name\":\"Clara Schumann: Ihre spannende Biografie & 3 ber\u00fchmte Werke\",\"isPartOf\":{\"@id\":\"https:\/\/www.alle-noten.de\/magazin\/#website\"},\"primaryImageOfPage\":{\"@id\":\"https:\/\/www.alle-noten.de\/magazin\/clara-schumann-biografie\/#primaryimage\"},\"image\":{\"@id\":\"https:\/\/www.alle-noten.de\/magazin\/clara-schumann-biografie\/#primaryimage\"},\"thumbnailUrl\":\"https:\/\/www.alle-noten.de\/magazin\/wp-content\/uploads\/2019\/09\/clara-schumann.png\",\"datePublished\":\"2019-09-09T07:33:33+00:00\",\"dateModified\":\"2020-05-15T08:52:12+00:00\",\"author\":{\"@id\":\"https:\/\/www.alle-noten.de\/magazin\/#\/schema\/person\/422c0360fa3e580313a9e4b98e90aefb\"},\"description\":\"Clara Schumanns interessantes Leben als Pianistin & Komponistin: \u2713 Biografie \u2713 Werke \u00bb Erfahren Sie mehr \u00fcber Ihr Lebenswerk.\",\"breadcrumb\":{\"@id\":\"https:\/\/www.alle-noten.de\/magazin\/clara-schumann-biografie\/#breadcrumb\"},\"inLanguage\":\"de\",\"potentialAction\":[{\"@type\":\"ReadAction\",\"target\":[\"https:\/\/www.alle-noten.de\/magazin\/clara-schumann-biografie\/\"]}]},{\"@type\":\"ImageObject\",\"inLanguage\":\"de\",\"@id\":\"https:\/\/www.alle-noten.de\/magazin\/clara-schumann-biografie\/#primaryimage\",\"url\":\"https:\/\/www.alle-noten.de\/magazin\/wp-content\/uploads\/2019\/09\/clara-schumann.png\",\"contentUrl\":\"https:\/\/www.alle-noten.de\/magazin\/wp-content\/uploads\/2019\/09\/clara-schumann.png\",\"width\":640,\"height\":387,\"caption\":\"Clara Schumann am Klavier\"},{\"@type\":\"BreadcrumbList\",\"@id\":\"https:\/\/www.alle-noten.de\/magazin\/clara-schumann-biografie\/#breadcrumb\",\"itemListElement\":[{\"@type\":\"ListItem\",\"position\":1,\"name\":\"Home\",\"item\":\"https:\/\/www.alle-noten.de\/magazin\/\"},{\"@type\":\"ListItem\",\"position\":2,\"name\":\"Clara Schumann: Biografie und Werke einer Klaviervirtuosin\"}]},{\"@type\":\"WebSite\",\"@id\":\"https:\/\/www.alle-noten.de\/magazin\/#website\",\"url\":\"https:\/\/www.alle-noten.de\/magazin\/\",\"name\":\"alle-noten Magazin\",\"description\":\"\",\"potentialAction\":[{\"@type\":\"SearchAction\",\"target\":{\"@type\":\"EntryPoint\",\"urlTemplate\":\"https:\/\/www.alle-noten.de\/magazin\/?s={search_term_string}\"},\"query-input\":{\"@type\":\"PropertyValueSpecification\",\"valueRequired\":true,\"valueName\":\"search_term_string\"}}],\"inLanguage\":\"de\"},{\"@type\":\"Person\",\"@id\":\"https:\/\/www.alle-noten.de\/magazin\/#\/schema\/person\/422c0360fa3e580313a9e4b98e90aefb\",\"name\":\"Felix Meyer\",\"image\":{\"@type\":\"ImageObject\",\"inLanguage\":\"de\",\"@id\":\"https:\/\/secure.gravatar.com\/avatar\/87bc89309281a1af1ecea56aa601b7e063f041804d7b9da68a1bfed62ea397aa?s=96&d=https%3A%2F%2Fwww.alle-noten.de%2Fmagazin%2Fwp-content%2Fthemes%2Fallenoten%2Fimg%2Favatar.png&r=g\",\"url\":\"https:\/\/secure.gravatar.com\/avatar\/87bc89309281a1af1ecea56aa601b7e063f041804d7b9da68a1bfed62ea397aa?s=96&d=https%3A%2F%2Fwww.alle-noten.de%2Fmagazin%2Fwp-content%2Fthemes%2Fallenoten%2Fimg%2Favatar.png&r=g\",\"contentUrl\":\"https:\/\/secure.gravatar.com\/avatar\/87bc89309281a1af1ecea56aa601b7e063f041804d7b9da68a1bfed62ea397aa?s=96&d=https%3A%2F%2Fwww.alle-noten.de%2Fmagazin%2Fwp-content%2Fthemes%2Fallenoten%2Fimg%2Favatar.png&r=g\",\"caption\":\"Felix Meyer\"}}]}<\/script>\n<!-- \/ Yoast SEO plugin. -->","yoast_head_json":{"title":"Clara Schumann: Ihre spannende Biografie & 3 ber\u00fchmte Werke","description":"Clara Schumanns interessantes Leben als Pianistin & Komponistin: \u2713 Biografie \u2713 Werke \u00bb Erfahren Sie mehr \u00fcber Ihr Lebenswerk.","robots":{"index":"index","follow":"follow","max-snippet":"max-snippet:-1","max-image-preview":"max-image-preview:large","max-video-preview":"max-video-preview:-1"},"canonical":"https:\/\/www.alle-noten.de\/magazin\/clara-schumann-biografie\/","og_locale":"de_DE","og_type":"article","og_title":"Clara Schumann: Ihre spannende Biografie & 3 ber\u00fchmte Werke","og_description":"Clara Schumanns interessantes Leben als Pianistin & Komponistin: \u2713 Biografie \u2713 Werke \u00bb Erfahren Sie mehr \u00fcber Ihr Lebenswerk.","og_url":"https:\/\/www.alle-noten.de\/magazin\/clara-schumann-biografie\/","og_site_name":"alle-noten Magazin","article_published_time":"2019-09-09T07:33:33+00:00","article_modified_time":"2020-05-15T08:52:12+00:00","og_image":[{"width":640,"height":387,"url":"https:\/\/www.alle-noten.de\/magazin\/wp-content\/uploads\/2019\/09\/clara-schumann.png","type":"image\/png"}],"author":"Felix Meyer","twitter_card":"summary_large_image","twitter_misc":{"Verfasst von":"Felix Meyer","Gesch\u00e4tzte Lesezeit":"4\u00a0Minuten"},"schema":{"@context":"https:\/\/schema.org","@graph":[{"@type":"Article","@id":"https:\/\/www.alle-noten.de\/magazin\/clara-schumann-biografie\/#article","isPartOf":{"@id":"https:\/\/www.alle-noten.de\/magazin\/clara-schumann-biografie\/"},"author":{"name":"Felix Meyer","@id":"https:\/\/www.alle-noten.de\/magazin\/#\/schema\/person\/422c0360fa3e580313a9e4b98e90aefb"},"headline":"Clara Schumann: Biografie und Werke einer Klaviervirtuosin","datePublished":"2019-09-09T07:33:33+00:00","dateModified":"2020-05-15T08:52:12+00:00","mainEntityOfPage":{"@id":"https:\/\/www.alle-noten.de\/magazin\/clara-schumann-biografie\/"},"wordCount":824,"image":{"@id":"https:\/\/www.alle-noten.de\/magazin\/clara-schumann-biografie\/#primaryimage"},"thumbnailUrl":"https:\/\/www.alle-noten.de\/magazin\/wp-content\/uploads\/2019\/09\/clara-schumann.png","keywords":["Komponisten","Portrait"],"articleSection":["Pers\u00f6nlichkeiten"],"inLanguage":"de"},{"@type":"WebPage","@id":"https:\/\/www.alle-noten.de\/magazin\/clara-schumann-biografie\/","url":"https:\/\/www.alle-noten.de\/magazin\/clara-schumann-biografie\/","name":"Clara Schumann: Ihre spannende Biografie & 3 ber\u00fchmte Werke","isPartOf":{"@id":"https:\/\/www.alle-noten.de\/magazin\/#website"},"primaryImageOfPage":{"@id":"https:\/\/www.alle-noten.de\/magazin\/clara-schumann-biografie\/#primaryimage"},"image":{"@id":"https:\/\/www.alle-noten.de\/magazin\/clara-schumann-biografie\/#primaryimage"},"thumbnailUrl":"https:\/\/www.alle-noten.de\/magazin\/wp-content\/uploads\/2019\/09\/clara-schumann.png","datePublished":"2019-09-09T07:33:33+00:00","dateModified":"2020-05-15T08:52:12+00:00","author":{"@id":"https:\/\/www.alle-noten.de\/magazin\/#\/schema\/person\/422c0360fa3e580313a9e4b98e90aefb"},"description":"Clara Schumanns interessantes Leben als Pianistin & Komponistin: \u2713 Biografie \u2713 Werke \u00bb Erfahren Sie mehr \u00fcber Ihr Lebenswerk.","breadcrumb":{"@id":"https:\/\/www.alle-noten.de\/magazin\/clara-schumann-biografie\/#breadcrumb"},"inLanguage":"de","potentialAction":[{"@type":"ReadAction","target":["https:\/\/www.alle-noten.de\/magazin\/clara-schumann-biografie\/"]}]},{"@type":"ImageObject","inLanguage":"de","@id":"https:\/\/www.alle-noten.de\/magazin\/clara-schumann-biografie\/#primaryimage","url":"https:\/\/www.alle-noten.de\/magazin\/wp-content\/uploads\/2019\/09\/clara-schumann.png","contentUrl":"https:\/\/www.alle-noten.de\/magazin\/wp-content\/uploads\/2019\/09\/clara-schumann.png","width":640,"height":387,"caption":"Clara Schumann am Klavier"},{"@type":"BreadcrumbList","@id":"https:\/\/www.alle-noten.de\/magazin\/clara-schumann-biografie\/#breadcrumb","itemListElement":[{"@type":"ListItem","position":1,"name":"Home","item":"https:\/\/www.alle-noten.de\/magazin\/"},{"@type":"ListItem","position":2,"name":"Clara Schumann: Biografie und Werke einer Klaviervirtuosin"}]},{"@type":"WebSite","@id":"https:\/\/www.alle-noten.de\/magazin\/#website","url":"https:\/\/www.alle-noten.de\/magazin\/","name":"alle-noten Magazin","description":"","potentialAction":[{"@type":"SearchAction","target":{"@type":"EntryPoint","urlTemplate":"https:\/\/www.alle-noten.de\/magazin\/?s={search_term_string}"},"query-input":{"@type":"PropertyValueSpecification","valueRequired":true,"valueName":"search_term_string"}}],"inLanguage":"de"},{"@type":"Person","@id":"https:\/\/www.alle-noten.de\/magazin\/#\/schema\/person\/422c0360fa3e580313a9e4b98e90aefb","name":"Felix Meyer","image":{"@type":"ImageObject","inLanguage":"de","@id":"https:\/\/secure.gravatar.com\/avatar\/87bc89309281a1af1ecea56aa601b7e063f041804d7b9da68a1bfed62ea397aa?s=96&d=https%3A%2F%2Fwww.alle-noten.de%2Fmagazin%2Fwp-content%2Fthemes%2Fallenoten%2Fimg%2Favatar.png&r=g","url":"https:\/\/secure.gravatar.com\/avatar\/87bc89309281a1af1ecea56aa601b7e063f041804d7b9da68a1bfed62ea397aa?s=96&d=https%3A%2F%2Fwww.alle-noten.de%2Fmagazin%2Fwp-content%2Fthemes%2Fallenoten%2Fimg%2Favatar.png&r=g","contentUrl":"https:\/\/secure.gravatar.com\/avatar\/87bc89309281a1af1ecea56aa601b7e063f041804d7b9da68a1bfed62ea397aa?s=96&d=https%3A%2F%2Fwww.alle-noten.de%2Fmagazin%2Fwp-content%2Fthemes%2Fallenoten%2Fimg%2Favatar.png&r=g","caption":"Felix Meyer"}}]}},"publishpress_future_action":{"enabled":false,"date":"2026-05-07 22:49:37","action":"change-status","newStatus":"draft","terms":[],"taxonomy":"category","extraData":[]},"publishpress_future_workflow_manual_trigger":{"enabledWorkflows":[]},"_links":{"self":[{"href":"https:\/\/www.alle-noten.de\/magazin\/wp-json\/wp\/v2\/posts\/2521","targetHints":{"allow":["GET"]}}],"collection":[{"href":"https:\/\/www.alle-noten.de\/magazin\/wp-json\/wp\/v2\/posts"}],"about":[{"href":"https:\/\/www.alle-noten.de\/magazin\/wp-json\/wp\/v2\/types\/post"}],"author":[{"embeddable":true,"href":"https:\/\/www.alle-noten.de\/magazin\/wp-json\/wp\/v2\/users\/1002"}],"replies":[{"embeddable":true,"href":"https:\/\/www.alle-noten.de\/magazin\/wp-json\/wp\/v2\/comments?post=2521"}],"version-history":[{"count":3,"href":"https:\/\/www.alle-noten.de\/magazin\/wp-json\/wp\/v2\/posts\/2521\/revisions"}],"predecessor-version":[{"id":2592,"href":"https:\/\/www.alle-noten.de\/magazin\/wp-json\/wp\/v2\/posts\/2521\/revisions\/2592"}],"wp:featuredmedia":[{"embeddable":true,"href":"https:\/\/www.alle-noten.de\/magazin\/wp-json\/wp\/v2\/media\/2522"}],"wp:attachment":[{"href":"https:\/\/www.alle-noten.de\/magazin\/wp-json\/wp\/v2\/media?parent=2521"}],"wp:term":[{"taxonomy":"category","embeddable":true,"href":"https:\/\/www.alle-noten.de\/magazin\/wp-json\/wp\/v2\/categories?post=2521"},{"taxonomy":"post_tag","embeddable":true,"href":"https:\/\/www.alle-noten.de\/magazin\/wp-json\/wp\/v2\/tags?post=2521"}],"curies":[{"name":"wp","href":"https:\/\/api.w.org\/{rel}","templated":true}]}}