{"id":2812,"date":"2020-03-17T08:07:16","date_gmt":"2020-03-17T07:07:16","guid":{"rendered":"https:\/\/www.alle-noten.de\/magazin\/?p=2812"},"modified":"2025-10-06T08:37:50","modified_gmt":"2025-10-06T06:37:50","slug":"beethoven-biografie","status":"publish","type":"post","link":"https:\/\/www.alle-noten.de\/magazin\/beethoven-biografie\/","title":{"rendered":"Ludwig van Beethoven: Biografie, Lebenslauf &#038; Wirken"},"content":{"rendered":"<p><strong>Ludwig van Beethoven ist zweifelsohne einer der bedeutendsten Komponisten aller Zeiten. Werke wie die 9. Sinfonie oder sein Klavierst\u00fcck \u201eF\u00fcr Elise\u201c sind weltweit beliebt und bekannt. Doch wie sah Beethovens Leben aus und welche Vorbilder haben ihn gepr\u00e4gt? Erfahren Sie in diesem Artikel alles rund um Beethovens Biografie, seine Werke und sein Wirken.<\/strong><\/p>\n<p><!--more--><\/p>\n<p><strong>Ludwig van Beethoven ist zweifelsohne einer der bedeutendsten Komponisten aller Zeiten. Werke wie die 9. Sinfonie oder sein Klavierst\u00fcck \u201eF\u00fcr Elise\u201c sind weltweit beliebt und bekannt. Doch wie sah Beethovens Leben aus und welche Vorbilder haben ihn gepr\u00e4gt? Erfahren Sie in diesem Artikel alles rund um Beethovens Biografie, seine Werke und sein Wirken.<\/strong><\/p>\n<p><strong>Das erwartet Sie in diesem Artikel:<\/strong><\/p>\n<p><a href=\"#biografie\">Ludwig van Beethoven: Biografie<\/a><br \/>\n<a href=\"#einfluss\">Beethovens Einfluss auf die Musikwelt<\/a><br \/>\n<a href=\"#begleiter\">Beethovens Begleiter: Vorbilder, Lehrer &amp; die Frauen<\/a><br \/>\n<a href=\"#werke\">Ludwig van Beethoven \u2013 seine 5 bedeutendsten Werke<\/a><br \/>\n<a href=\"#beethovenjahr\">Beethoven 2020 \u2013 das gro\u00dfe Beethoven-Jahr<\/a><br \/>\n<a href=\"#beethovenspielen\">Beethoven erleben: Spielen Sie selbst!<\/a><\/p>\n<h2 id=\"biografie\">Ludwig van Beethoven: Biografie<\/h2>\n<p>Ludwig van Beethoven gilt bis heute als musikalisches Genie. Doch wie ist der Musiker aufgewachsen und wo hat er die meiste Zeit seines Lebens verbracht? Lesen Sie im Folgenden mehr \u00fcber Beethovens Biografie.<\/p>\n<h3>Beethovens Kindheit in Bonn (1770 bis 1792)<\/h3>\n<p>Beethoven wurde am <strong>17. Dezember 1770 in Bonn getauft<\/strong> und wuchs mit zwei j\u00fcngeren Br\u00fcdern in Bonn auf. Sein genaues Geburtsdatum ist nicht \u00fcberliefert. Seine musikalische Ader wurde ihm in die Wiege gelegt: Schon sein Gro\u00dfvater Ludwig van Beethoven war Hofkapellmeister und sein Vater Johann van Beethoven Tenors\u00e4nger und Musiklehrer.<\/p>\n<p>Johann erkannte schon fr\u00fch das Talent seines Sohnes und brachte Ludwig bereits im Alter von vier Jahren das Klavier spielen bei. Ziel war es, <strong>Ludwig zum Wunderkind zu erziehen<\/strong>. W\u00e4hrend Beethovens Schulbildung nie \u00fcber die Grundlagen des Lesens und Schreibens hinausging, folgte eine intensive <strong>musikalische Ausbildung am Klavier, der Orgel und der Violine<\/strong>. Doch es ist \u00fcberliefert, dass die musikalische Erziehung oft von gewaltsamen \u00dcbergriffen gepr\u00e4gt war. Denn aufgrund einer Alkoholsucht war Johann van Beethoven im Umgang mit seinem Sohn einige Male aggressiv und gewaltt\u00e4tig.<\/p>\n<div id=\"attachment_2815\" style=\"width: 650px\" class=\"wp-caption aligncenter\"><img loading=\"lazy\" decoding=\"async\" aria-describedby=\"caption-attachment-2815\" class=\"wp-image-2815 size-full\" src=\"https:\/\/www.alle-noten.de\/magazin\/wp-content\/uploads\/2020\/03\/beethoven-jung.jpg\" alt=\"Ludwig van Beethoven jung\" width=\"640\" height=\"842\" srcset=\"https:\/\/www.alle-noten.de\/magazin\/wp-content\/uploads\/2020\/03\/beethoven-jung.jpg 640w, https:\/\/www.alle-noten.de\/magazin\/wp-content\/uploads\/2020\/03\/beethoven-jung-228x300.jpg 228w\" sizes=\"auto, (max-width: 640px) 100vw, 640px\" \/><p id=\"caption-attachment-2815\" class=\"wp-caption-text\">Der junge Ludwig van Beethoven<\/p><\/div>\n<p><strong>1778 <\/strong>trat Ludwig van Beethoven bei einem K\u00f6lner Akademiekonzert <strong>das erste Mal vor Publikum<\/strong> auf. Ab 1782 war Beethoven Sch\u00fcler des Organisten und Komponisten Christian Gottlob Neefe und wurde dessen Vertreter an der Orgel. Im Alter von zw\u00f6lf Jahren ver\u00f6ffentliche Beethoven bereits seine ersten Kompositionen.<\/p>\n<p>Kurz nachdem Beethoven von seiner ersten Studienreise aus Wien zur\u00fcckkehrte, starb Beethovens Mutter am 17.\u00a0Juli 1787 nach l\u00e4ngerer Krankheit. Da Johann van Beethoven zunehmend die Kontrolle \u00fcber seine Alkoholsucht verlor, wurde Ludwig van Beethoven als \u00e4ltester Sohn <strong>zum Familienoberhaupt<\/strong>. Nach einigen weiteren Jahren in Bonn als Musiker in der Bonner Hofkapelle und zweiter Hoforganist, brach er 1792 schlie\u00dflich nach Wien auf und wurde dort ein <strong>Sch\u00fcler von Joseph Haydn<\/strong>.<\/p>\n<div id=\"attachment_2813\" style=\"width: 650px\" class=\"wp-caption aligncenter\"><img loading=\"lazy\" decoding=\"async\" aria-describedby=\"caption-attachment-2813\" class=\"wp-image-2813 size-full\" src=\"https:\/\/www.alle-noten.de\/magazin\/wp-content\/uploads\/2020\/03\/beethoven-denkmal-bonn.jpg\" alt=\"Beethoven-Denkmal Bonn\" width=\"640\" height=\"427\" srcset=\"https:\/\/www.alle-noten.de\/magazin\/wp-content\/uploads\/2020\/03\/beethoven-denkmal-bonn.jpg 640w, https:\/\/www.alle-noten.de\/magazin\/wp-content\/uploads\/2020\/03\/beethoven-denkmal-bonn-300x200.jpg 300w\" sizes=\"auto, (max-width: 640px) 100vw, 640px\" \/><p id=\"caption-attachment-2813\" class=\"wp-caption-text\"><br \/>Auf dem M\u00fcnsterplatz in Bonn erinnert heute ein Denkmal an Ludwig van Beethoven.<\/p><\/div>\n<h3>Beethovens fr\u00fche &amp; mittleren Jahre in Wien (1792bis etwa 1812)<\/h3>\n<p>Von 1792 bis 1794 nahm Ludwig van Beethoven Kompositionsunterricht bei <strong>Joseph Haydn<\/strong>. Aber auch bei <strong>Antonio Salieri, Johann Baptist Schenk<\/strong> und <strong>Johann Georg Albrechtsberger<\/strong> ging Beethoven in die Lehre.<\/p>\n<p>In Wien bekam der 22-j\u00e4hrige Beethoven dank seiner musikalischen Begabung schnell Zugang zu h\u00f6chsten Adelskreisen. Als einer seiner Unterst\u00fctzer galt <strong>F\u00fcrst Karl Lichnowsky<\/strong>, der Beethoven ab 1800 mit einem j\u00e4hrlichen Gehalt unterst\u00fctzte und so seine k\u00fcnstlerische Existenz in Wien sicherte. Zus\u00e4tzlich finanzierte Beethoven sich seinen Lebensunterhalt, indem er <strong>Musikunterricht gab<\/strong> und die <strong>Noten seiner Werke verkaufte<\/strong>.<\/p>\n<div id=\"attachment_2820\" style=\"width: 650px\" class=\"wp-caption aligncenter\"><img loading=\"lazy\" decoding=\"async\" aria-describedby=\"caption-attachment-2820\" class=\"wp-image-2820 size-full\" src=\"https:\/\/www.alle-noten.de\/magazin\/wp-content\/uploads\/2020\/03\/portrait-beethoven.jpg\" alt=\"Beethoven Portrait\" width=\"640\" height=\"773\" srcset=\"https:\/\/www.alle-noten.de\/magazin\/wp-content\/uploads\/2020\/03\/portrait-beethoven.jpg 640w, https:\/\/www.alle-noten.de\/magazin\/wp-content\/uploads\/2020\/03\/portrait-beethoven-248x300.jpg 248w\" sizes=\"auto, (max-width: 640px) 100vw, 640px\" \/><p id=\"caption-attachment-2820\" class=\"wp-caption-text\">Holzstich des ber\u00fchmten Beethoven-Portraits von Joseph Karl Stieler<\/p><\/div>\n<p>Im Laufe der Jahre profilierte sich Beethoven immer mehr als Komponist. Als seine <strong>produktivste Schaffensphase gelten die Jahre von 1802 bis 1812<\/strong>. In dieser Zeit komponierte Beethoven sechs seiner <a href=\"https:\/\/www.alle-noten.de\/Orchester\/Sinfonieorchester\/9-Sinfonien.html\" target=\"_blank\" rel=\"noopener noreferrer\">neun Sinfonien<\/a> sowie zahlreiche St\u00fccke f\u00fcr Klavier, Violine und Streichquartett. Auch die erste Fassung seiner einzigen Oper \u201e<a href=\"https:\/\/www.alle-noten.de\/Orchester\/Sinfonieorchester\/Fidelio.html\" target=\"_blank\" rel=\"noopener noreferrer\">Fidelio<\/a>\u201c komponierte Beethoven in diesen Jahren.<\/p>\n<p>Doch Beethovens Erfolg wurde \u00fcberschattet. <strong>1798 zeigten sich erstmals Symptome f\u00fcr ein Geh\u00f6rleiden, das sp\u00e4ter zur v\u00f6lligen Taubheit f\u00fchrte<\/strong>. Wie allgemein bekannt ist, war Beethoven bereits komplett taub, als er seine weltber\u00fchmte 9. Sinfonie komponierte. Diese wurde am 7.\u00a0Mai 1824 in Wien uraufgef\u00fchrt.<\/p>\n<p><img loading=\"lazy\" decoding=\"async\" class=\"aligncenter wp-image-2817 size-full\" src=\"https:\/\/www.alle-noten.de\/magazin\/wp-content\/uploads\/2020\/03\/beethoven-platz-wien.jpg\" alt=\"Beethoven-Platz Wien\" width=\"640\" height=\"427\" srcset=\"https:\/\/www.alle-noten.de\/magazin\/wp-content\/uploads\/2020\/03\/beethoven-platz-wien.jpg 640w, https:\/\/www.alle-noten.de\/magazin\/wp-content\/uploads\/2020\/03\/beethoven-platz-wien-300x200.jpg 300w\" sizes=\"auto, (max-width: 640px) 100vw, 640px\" \/><\/p>\n<h3>Die letzten Wiener Jahre &amp; Tod von Ludwig van Beethoven (etwa 1812 bis 1827)<\/h3>\n<p>Die v\u00f6llige Taubheit schr\u00e4nkte Beethoven, der zuvor \u00fcber ein absolutes Geh\u00f6r verf\u00fcgte, sehr ein und st\u00fcrzten ihn in eine schwere Lebenskrise. Zwar konnte er <strong>dank seiner musikalischen Begabung weiter komponieren<\/strong>, da er sich die T\u00f6ne und deren Zusammenklang trotz Taubheit perfekt vorstellen konnte. Jedoch war es ihm weder m\u00f6glich bei Auff\u00fchrungen seine eigenen St\u00fccke noch den Applaus des Publikums zu h\u00f6ren. Auch seine Auftritte als Pianist und Dirigent konnte er nicht mehr wahrnehmen.<\/p>\n<p>Es ist \u00fcberliefert, dass Beethoven im Alltag oft extrem launisch war und sich nach und nach vom gesellschaftlichen Leben zur\u00fcckzog. Nach langer Krankheit <strong>starb er am<\/strong> <strong>26.\u00a0M\u00e4rz 1827 im Alter von 56 Jahren <\/strong>schlie\u00dflich an Leberzirrhose. An seiner Beerdigung in Wien auf dem W\u00e4hringer Ortsfriedhof nahmen rund 20.000 Menschen teil.<\/p>\n<p>Im Jahr 1888 wurde Beethoven umgebettet und ist seitdem auf dem Wiener Zentralfriedhof in einem Ehrengrab beerdigt.<\/p>\n<div id=\"attachment_2818\" style=\"width: 650px\" class=\"wp-caption aligncenter\"><img loading=\"lazy\" decoding=\"async\" aria-describedby=\"caption-attachment-2818\" class=\"wp-image-2818 size-full\" src=\"https:\/\/www.alle-noten.de\/magazin\/wp-content\/uploads\/2020\/03\/ehrengrab-ludwig-van-beethoven.jpg\" alt=\"Beethovens Ehrengrab in Wien\" width=\"640\" height=\"995\" srcset=\"https:\/\/www.alle-noten.de\/magazin\/wp-content\/uploads\/2020\/03\/ehrengrab-ludwig-van-beethoven.jpg 640w, https:\/\/www.alle-noten.de\/magazin\/wp-content\/uploads\/2020\/03\/ehrengrab-ludwig-van-beethoven-193x300.jpg 193w\" sizes=\"auto, (max-width: 640px) 100vw, 640px\" \/><p id=\"caption-attachment-2818\" class=\"wp-caption-text\">Beethovens Ehrengrab in Wien<\/p><\/div>\n<p>Sie m\u00f6chten Beethovens Biografie Ihren Kindern oder Sch\u00fclern n\u00e4herbringen? In dem Kinderbuch \u201e<a href=\"https:\/\/www.alle-noten.de\/Musikbuecher\/Wir-entdecken-Beethoven.html\" target=\"_blank\" rel=\"noopener noreferrer\">Wir entdecken Beethoven<\/a>\u201c mit CD erz\u00e4hlen die Autorinnen Anna Schieren und Alexa Riemann viele spannende Geschichten rund um sein Leben. Entdecken Sie hier auch den Trailer zum Buch:<\/p>\n<div class=\"video-container\"><iframe loading=\"lazy\" src=\"https:\/\/www.youtube-nocookie.com\/embed\/SQKVA4___-c\" width=\"560\" height=\"315\" frameborder=\"0\" allowfullscreen=\"allowfullscreen\"><\/iframe><\/div>\n<h2 id=\"einfluss\">Beethovens Einfluss auf die Musikwelt<\/h2>\n<p>Ludwig van Beethoven ist unbestritten einer der bedeutendsten Komponisten aller Zeiten. Gemeinsam mit Wolfgang Amadeus Mozart und Joseph Haydn gilt er als <strong>Hauptvertreter der Wiener Klassik<\/strong>.<\/p>\n<p>Mit seiner Musik war Beethoven au\u00dferdem ein <strong>Wegbereiter der Romantik<\/strong> und nahm in vielerlei Hinsicht ma\u00dfgeblich Einfluss auf musikalische Entwicklungen. So gilt Beethoven als einer der ersten Komponisten, der seine Musik <strong>dramaturgisch aufbaute<\/strong>. Durch pr\u00e4gnante Motive, kontrastierte Themen und einen klaren Aufbau schuf Beethoven einen unverwechselbaren <strong>Individualstil<\/strong>. Damit beeinflusste er weitestgehend alle wichtigen Gattungen der Instrumentalmusik, vor allem die Sinfonie, die Klaviersonate und das Streichquartett.<\/p>\n<p>Bis heute rei\u00dft Beethovens Einfluss als musikalisches Genie nicht ab: In aller Welt werden seine St\u00fccke gespielt und rezipiert. Beispielsweise wird in Japan traditionell die 9. Sinfonie am Neujahrstag aufgef\u00fchrt. Seit 1972 ist das Hauptthema \u201eOde an die Freude\u201c aus dem letzten Satz der 9. Sinfonie au\u00dferdem als Instrumentalfassung Teil der <a href=\"https:\/\/www.alle-noten.de\/Ensembles\/Orchester\/Sinfonieorchester\/Europahymne-Standard.html\" target=\"_blank\" rel=\"noopener noreferrer\">Europahymne<\/a>. Zudem wurde im Jahr 2001 das Autograph der 9. Sinfonie als <strong>UNESCO-Weltkulturerbe <\/strong>anerkannt.<\/p>\n<p><img loading=\"lazy\" decoding=\"async\" class=\"aligncenter wp-image-2819 size-full\" src=\"https:\/\/www.alle-noten.de\/magazin\/wp-content\/uploads\/2020\/03\/geiger-spielen-beethoven.jpg\" alt=\"Streicher spielen Beethoven\" width=\"640\" height=\"421\" srcset=\"https:\/\/www.alle-noten.de\/magazin\/wp-content\/uploads\/2020\/03\/geiger-spielen-beethoven.jpg 640w, https:\/\/www.alle-noten.de\/magazin\/wp-content\/uploads\/2020\/03\/geiger-spielen-beethoven-300x197.jpg 300w\" sizes=\"auto, (max-width: 640px) 100vw, 640px\" \/><\/p>\n<h2 id=\"begleiter\">Beethovens Begleiter: Vorbilder, Lehrer &amp; die Frauen<\/h2>\n<p>Beethoven galt als Perfektionist, der oft jahrelang an seinen Werken feilte. Doch sein Schaffen wurde nicht nur durch seine Begabung beeinflusst, sondern von zahlreichen Begegnungen gepr\u00e4gt \u2013 unter Ihnen auch zahlreiche Ber\u00fchmtheiten. Aber lesen Sie selbst:<\/p>\n<h3>Lehrer &amp; Vorbilder Beethovens \u2013 eine kleine Auswahl<\/h3>\n<p>Diese Pers\u00f6nlichkeiten begleiteten und beeinflussten Ludwig van Beethoven:<\/p>\n<ul>\n<li><strong>Wolfgang Amadeus Mozart:<\/strong> Beethoven war vierzehn Jahre j\u00fcnger als Mozart. Bereits in seiner fr\u00fchsten Kindheit bewunderte der junge Beethoven das \u00f6sterreichische Wunderkind. Sein Wunsch, sein gro\u00dfes Vorbild pers\u00f6nlich kennenzulernen, war gro\u00df. Es ist \u00fcberliefert, dass Beethoven 1786 eine Studienreise nach Wien unternahm, um Mozart zu treffen. Aufgrund seiner kranken Mutter musste Beethoven die Reise jedoch verfr\u00fcht abbrechen. Obwohl einige Quellen etwas Gegenteiliges behaupten, kann eine Begegnung zwischen den beiden Musikern nicht belegt werden. Als Beethoven Jahre sp\u00e4ter nach Wien zur\u00fcckkehrte, war Mozart bereits verstorben.<\/li>\n<li><strong>Joseph Haydn:<\/strong> In seinen fr\u00fchen Wiener Jahren nahm Beethoven Kompositionsunterricht bei Joseph Haydn. Es ist belegt, dass die gemeinsame Zeit der beiden Musiker nicht konfliktfrei verlief und sie immer wieder mit Meinungsverschiedenheiten zu k\u00e4mpfen hatten. Jedoch pr\u00e4gte Haydn das Schaffen seines Sch\u00fclers nachhaltig.<\/li>\n<li><strong>Johann Wolfgang von Goethe: <\/strong>Die klassische Musik war nicht das Einzige, das Beethoven interessierte. Er besch\u00e4ftigte sich viel mit Philosophie, Literatur und Politik; las unter anderem Kant, Schiller und auch Goethe. Beethoven sch\u00e4tzte Goethes Werke und verarbeitete sie auch einige Male in seiner Musik, wie beispielsweise in der Schauspielmusik zu Goethes Drama Egmont. Im Juli 1812 trafen sich die beiden K\u00fcnstler in Templitz, etwa 100 km nordwestlich von Prag. Es ist \u00fcberliefert, dass diese Begegnung f\u00fcr beide M\u00e4nner menschlich entt\u00e4uschend verlief und so trennten sich ihre Wege nach einigen Tagen wieder. In sp\u00e4teren Briefen bezeichnet Goethe Beethoven als \u201eungeb\u00e4ndigte Pers\u00f6nlichkeit\u201c, w\u00e4hrend Beethoven kritisierte, dass sich der Schriftsteller zu sehr an gesellschaftliche Normen angepasst h\u00e4tte.<\/li>\n<\/ul>\n<p><img loading=\"lazy\" decoding=\"async\" class=\"aligncenter wp-image-2816 size-full\" src=\"https:\/\/www.alle-noten.de\/magazin\/wp-content\/uploads\/2020\/03\/beethoven-noten.jpg\" alt=\"Musiknoten von Beethoven, Haydn und Mozart\" width=\"640\" height=\"427\" srcset=\"https:\/\/www.alle-noten.de\/magazin\/wp-content\/uploads\/2020\/03\/beethoven-noten.jpg 640w, https:\/\/www.alle-noten.de\/magazin\/wp-content\/uploads\/2020\/03\/beethoven-noten-300x200.jpg 300w\" sizes=\"auto, (max-width: 640px) 100vw, 640px\" \/><\/p>\n<h3>Beethoven und die Frauen<\/h3>\n<p>Ein Mysterium in der Beethoven-Forschung bleibt sein Verh\u00e4ltnis zu Frauen. Diese spielten als Freundinnen und Vertraute in seinem Leben eine gro\u00dfe Rolle. Trotz zahlreicher Liebschaften war Beethoven jedoch ein <strong>ewiger Junggeselle<\/strong>. Seine Beziehungen scheiterten meist aufgrund von Standesunterschieden oder weil die Frauen bereits verheiratet waren.<\/p>\n<p>Ein besonders gro\u00dfes Fragezeichen in der Beethoven-Forschung ist <strong>das Schreiben an die \u201eUnsterbliche Geliebte\u201c<\/strong>. In diesem Brief von 1812 schreibt Beethoven von gegenseitig eingestandener Liebe und der Hoffnung auf eine dauerhafte Beziehung. Wer die Adressatin des Schreibens war, ist jedoch bis heute umstritten.<\/p>\n<h2 id=\"werke\">Ludwig van Beethoven \u2013 seine 5 bedeutendsten Werke<\/h2>\n<p>Wie viele Werke Beethoven genau komponierte ist unklar. Unter anderem sind <strong>32 Klaviersonaten, neun Sinfonien und eine Oper<\/strong> Teil seines umfassenden Verm\u00e4chtnisses.<\/p>\n<p>Obwohl sein musikalisches Schaffen nicht auf ein paar wenige Kompositionen reduziert werden sollte, gibt es einige St\u00fccke, die bis heute von der Musikerwelt als besonders bedeutsam angesehen und weltweit rezipiert werden.<\/p>\n<h3>1. Klavierst\u00fcck \u201eF\u00fcr Elise\u201c<\/h3>\n<p>\u201eF\u00fcr Elise\u201c von Ludwig van Beethoven ist das bekannteste Klavierst\u00fcck des Komponisten. Obwohl Beethoven das St\u00fcck 1810 vollendete, wurde es erst 1867 vom deutschen Musikwissenschaftler Ludwig Nohl entdeckt und ver\u00f6ffentlicht. Jedoch konnte auch nach Jahren der Forschung bis heute nie gekl\u00e4rt werden, wer die Widmungsempf\u00e4ngerin des St\u00fcckes ist.<\/p>\n<p>Trotz oder vielleicht auch gerade wegen dieses Mysteriums ist \u201eF\u00fcr Elise\u201c auch heute noch weltweit ber\u00fchmt. Doch nicht nur auf Konzertb\u00fchnen findet es gro\u00dfen Anklang \u2013 vor allem im Klavierunterricht versuchen sich viele Klaviersch\u00fcler an dem zeitlosen St\u00fcck. Auch Sie m\u00f6chten es spielen lernen? In unserem Online Shop finden Sie die Klaviernoten f\u00fcr \u201e<a href=\"https:\/\/www.alle-noten.de\/Noten\/Klassik-Klaviernoten\/Fuer-Elise-WoO-59.html\" target=\"_blank\" rel=\"noopener noreferrer\">F\u00fcr Elise<\/a>\u201c.<\/p>\n<table>\n<tbody>\n<tr>\n<td style=\"text-align: center;\" width=\"604\"><strong>\u201eF\u00fcr Elise\u201c<\/strong><\/td>\n<\/tr>\n<tr>\n<td width=\"604\"><a href=\"https:\/\/www.alle-noten.de\/Person\/Ludwig-van-Beethoven\/Fuer-Elise-WoO-59.html\" target=\"_blank\" rel=\"noopener noreferrer\"><img loading=\"lazy\" decoding=\"async\" class=\"aligncenter wp-image-2824 size-medium\" src=\"https:\/\/www.alle-noten.de\/magazin\/wp-content\/uploads\/2020\/03\/fuer-elise-229x300.jpg\" alt=\"Noten &quot;F\u00fcr Elise&quot;\" width=\"229\" height=\"300\" srcset=\"https:\/\/www.alle-noten.de\/magazin\/wp-content\/uploads\/2020\/03\/fuer-elise-229x300.jpg 229w, https:\/\/www.alle-noten.de\/magazin\/wp-content\/uploads\/2020\/03\/fuer-elise.jpg 494w\" sizes=\"auto, (max-width: 229px) 100vw, 229px\" \/><\/a><\/td>\n<\/tr>\n<tr>\n<td style=\"text-align: center;\" width=\"604\"><a href=\"https:\/\/www.alle-noten.de\/Person\/Ludwig-van-Beethoven\/Fuer-Elise-WoO-59.html\" target=\"_blank\" rel=\"noopener noreferrer\">\u00bb zu den Noten<\/a><\/td>\n<\/tr>\n<\/tbody>\n<\/table>\n<p>Auch der weltbekannte Pianist Lang Lang hat Beethovens Klavierst\u00fcck interpretiert. Sehen Sie selbst:<\/p>\n<div class=\"video-container\" style=\"text-align: center;\"><iframe loading=\"lazy\" src=\"https:\/\/www.youtube-nocookie.com\/embed\/q5oSa4itomE\" width=\"560\" height=\"315\" frameborder=\"0\" allowfullscreen=\"allowfullscreen\"><\/iframe><\/div>\n<h3>2.\u00a0\u00a0 Die 9. Sinfonie<\/h3>\n<p>Beethoven beendete sein wohl bekanntestes Werk 1824. Die Besonderheit dieser Sinfonie ist der Einsatz des Chores im vierten und finalen Satz. Als Text w\u00e4hlte Beethoven <strong>das Gedicht \u201eAn die Freude\u201c von Friedrich Schiller<\/strong>. Seit 1972 ist der letzte Satz der 9. Sinfonie als Instrumental-Version Teil der <a href=\"https:\/\/www.alle-noten.de\/Ensembles\/Orchester\/Sinfonieorchester\/Europahymne-Standard.html\" target=\"_blank\" rel=\"noopener noreferrer\">Europahymne<\/a>. Heute ist das Autograph des St\u00fccks Teil des <strong>UNESCO-Weltkulturerbes<\/strong>.<\/p>\n<table>\n<tbody>\n<tr>\n<td style=\"text-align: center;\" width=\"604\"><strong>Europahymne<\/strong><\/td>\n<\/tr>\n<tr>\n<td style=\"text-align: center;\" width=\"604\"><a href=\"https:\/\/www.alle-noten.de\/Ensembles\/Orchester\/Sinfonieorchester\/Europahymne-Standard.html\" target=\"_blank\" rel=\"noopener noreferrer\"><img loading=\"lazy\" decoding=\"async\" class=\"aligncenter wp-image-2825 size-medium\" src=\"https:\/\/www.alle-noten.de\/magazin\/wp-content\/uploads\/2020\/03\/europahymne-229x300.jpg\" alt=\"Noten zur Europahymne\" width=\"229\" height=\"300\" srcset=\"https:\/\/www.alle-noten.de\/magazin\/wp-content\/uploads\/2020\/03\/europahymne-229x300.jpg 229w, https:\/\/www.alle-noten.de\/magazin\/wp-content\/uploads\/2020\/03\/europahymne.jpg 450w\" sizes=\"auto, (max-width: 229px) 100vw, 229px\" \/><\/a><\/td>\n<\/tr>\n<tr>\n<td style=\"text-align: center;\" width=\"604\"><a href=\"https:\/\/www.alle-noten.de\/Ensembles\/Orchester\/Sinfonieorchester\/Europahymne-Standard.html\" target=\"_blank\" rel=\"noopener noreferrer\">\u00bb zu den Noten<\/a><\/td>\n<\/tr>\n<\/tbody>\n<\/table>\n<h3>3.\u00a0\u00a0 Klaviersonate Nr. 14\/\u201eMondscheinsonate\u201c<\/h3>\n<p>Das Klavierst\u00fcck gilt als wichtiger <strong>Vorl\u00e4ufer der musikalischen Romantik<\/strong> und war bereits zu Beethovens Lebzeiten \u00e4u\u00dferst ber\u00fchmt. Auff\u00e4llig ist die ungew\u00f6hnliche Satzfolge, die von der herk\u00f6mmlichen Sonatenform abweicht. Es ist \u00fcberliefert, dass der Komponist und Musiker Franz Liszt seine Sch\u00fcler die Sonate nicht spielen lie\u00df, da er sie f\u00fcr zu anspruchsvoll hielt.<\/p>\n<p>Sie m\u00f6chten sich auch an der Mondscheinsonate versuchen? In unserem Online Shop finden Sie die Noten f\u00fcr die <a href=\"https:\/\/www.alle-noten.de\/Noten\/Klassik-Klaviernoten\/Klaviersonate-Nr-14-cis-moll-op-27-Nr-2.html\" target=\"_blank\" rel=\"noopener noreferrer\">Klaviersonate Nr. 14<\/a>.<\/p>\n<table>\n<tbody>\n<tr>\n<td width=\"604\">\n<p style=\"text-align: center;\"><strong>Klaviersonate Nr. 14<\/strong><\/p>\n<\/td>\n<\/tr>\n<tr>\n<td style=\"text-align: center;\" width=\"604\"><a href=\"https:\/\/www.alle-noten.de\/Noten\/Klassik-Klaviernoten\/Klaviersonate-Nr-14-cis-moll-op-27-Nr-2.html\" target=\"_blank\" rel=\"noopener noreferrer\"><img loading=\"lazy\" decoding=\"async\" class=\"aligncenter wp-image-2826 size-medium\" src=\"https:\/\/www.alle-noten.de\/magazin\/wp-content\/uploads\/2020\/03\/klaviersonate-14-beethoven-227x300.jpg\" alt=\"Noten zur Klaviersonate 14 von Beethoven\" width=\"227\" height=\"300\" srcset=\"https:\/\/www.alle-noten.de\/magazin\/wp-content\/uploads\/2020\/03\/klaviersonate-14-beethoven-227x300.jpg 227w, https:\/\/www.alle-noten.de\/magazin\/wp-content\/uploads\/2020\/03\/klaviersonate-14-beethoven.jpg 491w\" sizes=\"auto, (max-width: 227px) 100vw, 227px\" \/><\/a><\/td>\n<\/tr>\n<tr>\n<td style=\"text-align: center;\" width=\"604\"><a href=\"https:\/\/www.alle-noten.de\/Noten\/Klassik-Klaviernoten\/Klaviersonate-Nr-14-cis-moll-op-27-Nr-2.html\" target=\"_blank\" rel=\"noopener noreferrer\">\u00bb zu den Noten<\/a><\/td>\n<\/tr>\n<\/tbody>\n<\/table>\n<h3>4.\u00a0\u00a0 Die 5. Sinfonie<\/h3>\n<p>Ob als Handyklingelton, abgewandelte Version f\u00fcr verschiedene Musikstile oder im Original \u2013 das Anfangsmotiv der <a href=\"https:\/\/www.alle-noten.de\/Klavier-Orgel-Akkordeon\/Orgel\/5-Symphonie-c-Moll-op-67-1-Satz-Allegro-con-brio.html\" target=\"_blank\" rel=\"noopener noreferrer\">5. Sinfonie<\/a> von Ludwig van Beethoven ist weltber\u00fchmt. Die viers\u00e4tzige Sinfonie ist auch unter dem Namen <strong>\u201eSchicksalssinfonie\u201c<\/strong> bekannt und wurde am 22. Dezember 1808 in Wien uraufgef\u00fchrt.<\/p>\n<p>Gemeinsam mit der 9. Sinfonie hat die 5. Sinfonie ma\u00dfgeblich Einfluss auf die musikalische Entwicklung im 19. Jahrhundert genommen und <strong>beeinflusste zahlreiche Musiker<\/strong>, wie Gustav Mahler, Franz Schubert oder Johannes Brahms in ihrem Schaffen.<\/p>\n<table>\n<tbody>\n<tr>\n<td width=\"604\">\n<p style=\"text-align: center;\"><strong>5. Sinfonie c-Moll<\/strong><\/p>\n<\/td>\n<\/tr>\n<tr>\n<td style=\"text-align: center;\" width=\"604\"><a href=\"https:\/\/www.alle-noten.de\/Klavier-Orgel-Akkordeon\/Orgel\/5-Symphonie-c-Moll-op-67-1-Satz-Allegro-con-brio.html\" target=\"_blank\" rel=\"noopener noreferrer\"><img loading=\"lazy\" decoding=\"async\" class=\"aligncenter wp-image-2827 size-medium\" src=\"https:\/\/www.alle-noten.de\/magazin\/wp-content\/uploads\/2020\/03\/beethoven-sinfonie-5-211x300.jpg\" alt=\"Noten zu Beethovens 5. Sinfonie\" width=\"211\" height=\"300\" srcset=\"https:\/\/www.alle-noten.de\/magazin\/wp-content\/uploads\/2020\/03\/beethoven-sinfonie-5-211x300.jpg 211w, https:\/\/www.alle-noten.de\/magazin\/wp-content\/uploads\/2020\/03\/beethoven-sinfonie-5.jpg 591w\" sizes=\"auto, (max-width: 211px) 100vw, 211px\" \/><\/a><\/td>\n<\/tr>\n<tr>\n<td style=\"text-align: center;\" width=\"604\"><a href=\"https:\/\/www.alle-noten.de\/Klavier-Orgel-Akkordeon\/Orgel\/5-Symphonie-c-Moll-op-67-1-Satz-Allegro-con-brio.html\" target=\"_blank\" rel=\"noopener noreferrer\">\u00bb zu den Noten<\/a><\/td>\n<\/tr>\n<\/tbody>\n<\/table>\n<p>Sie m\u00f6chten das ber\u00fchmte Musikst\u00fcck einmal im Original h\u00f6ren? Dann nehmen Sie sich einen Moment Zeit und lauschen Sie der 5. Sinfonie, gespielt von den Wiener Philharmonikern unter der Leitung von Christian Thielemann im Jahr 2014:<\/p>\n<div class=\"video-container\"><iframe loading=\"lazy\" src=\"https:\/\/www.youtube-nocookie.com\/embed\/S5EkOpYEx0w\" width=\"560\" height=\"315\" frameborder=\"0\" allowfullscreen=\"allowfullscreen\"><\/iframe><\/div>\n<h3>5.\u00a0\u00a0 \u00a0\u201eFidelio\u201c<\/h3>\n<p>Bei ihrer <strong>Erstauff\u00fchrung 1805<\/strong> traf Beethovens einzige Oper, damals noch unter dem Namen <strong>\u201eLeonore\u201c<\/strong>, nicht den Geschmack des Publikums. Erst einige Jahre sp\u00e4ter und nach mehreren \u00dcberarbeitungen schaffte es die \u201e<a href=\"https:\/\/www.alle-noten.de\/Orchester\/Sinfonieorchester\/Fidelio.html\" target=\"_blank\" rel=\"noopener noreferrer\">Fidelio<\/a>\u201c, die Menschen zu begeistern. Noch heute wird sie an Opernh\u00e4usern der ganzen Welt gespielt und gefeiert.<\/p>\n<table>\n<tbody>\n<tr>\n<td style=\"text-align: center;\" width=\"604\"><strong>\u201eFidelio\u201c<\/strong><\/td>\n<\/tr>\n<tr>\n<td style=\"text-align: center;\" width=\"604\"><a href=\"https:\/\/www.alle-noten.de\/Orchester\/Sinfonieorchester\/Fidelio.html\" target=\"_blank\" rel=\"noopener noreferrer\"><img loading=\"lazy\" decoding=\"async\" class=\"aligncenter wp-image-2828 size-medium\" src=\"https:\/\/www.alle-noten.de\/magazin\/wp-content\/uploads\/2020\/03\/fidelio-beethoven-224x300.jpg\" alt=\"Noten zu Beethovens &quot;Fidelio&quot;\" width=\"224\" height=\"300\" srcset=\"https:\/\/www.alle-noten.de\/magazin\/wp-content\/uploads\/2020\/03\/fidelio-beethoven-224x300.jpg 224w, https:\/\/www.alle-noten.de\/magazin\/wp-content\/uploads\/2020\/03\/fidelio-beethoven.jpg 477w\" sizes=\"auto, (max-width: 224px) 100vw, 224px\" \/><\/a><\/td>\n<\/tr>\n<tr>\n<td style=\"text-align: center;\" width=\"604\"><a href=\"https:\/\/www.alle-noten.de\/Orchester\/Sinfonieorchester\/Fidelio.html\" target=\"_blank\" rel=\"noopener noreferrer\">\u00bb zu den Noten<\/a><\/td>\n<\/tr>\n<\/tbody>\n<\/table>\n<h2 id=\"beethovenjahr\">Beethoven 2020 \u2013 das gro\u00dfe Beethoven-Jahr<\/h2>\n<p>Zum <strong>250. Geburtstag von Ludwig van Beethoven<\/strong> wurde 2020 als gro\u00dfes Beethoven-Jahr ausgerufen. Ob Konzerth\u00e4user, Musiksender oder Gedenkst\u00e4tten \u2013 die gesamte Musikerwelt nutzt das Jubil\u00e4um, um Beethovens Werke neu aufleben zu lassen.<\/p>\n<h2 id=\"beethovenspielen\">Beethoven erleben: Spielen Sie selbst!<\/h2>\n<p>Ob mit dem Chor, dem Orchester oder am Klavier \u2013 auch der Musikunterricht eignet sich perfekt, um <strong>Beethovens Werken n\u00e4her zu kommen<\/strong> und das musikalische Genie zu verstehen. In unserem Online Shop finden Sie f\u00fcr jede Musikgattung die passenden Noten:<\/p>\n<p><strong>F\u00fcr Klavier:<\/strong><\/p>\n<ul>\n<li><a href=\"https:\/\/www.alle-noten.de\/Noten\/Hans-Guenter-Heumann-Klaviernoten\/Best-of-Beethoven.html\" target=\"_blank\" rel=\"noopener noreferrer\"><strong>Best-of Beethoven<\/strong><\/a><\/li>\n<li><a href=\"https:\/\/www.alle-noten.de\/Noten\/Klassik-Noten\/5-leichte-Klaviersonaten.html\" target=\"_blank\" rel=\"noopener noreferrer\"><strong>5 leichte Klaviersonaten<\/strong><\/a><\/li>\n<li><a href=\"https:\/\/www.alle-noten.de\/Noten\/Ludwig-van-Beethoven-Klaviernoten\/Saemtliche-Sonaten-1-3.html\" target=\"_blank\" rel=\"noopener noreferrer\"><strong>S\u00e4mtliche Sonaten 1\u20133 von Beethoven<\/strong><\/a><\/li>\n<\/ul>\n<a href=\"https:\/\/www.alle-noten.de\/Noten\/Ludwig-van-Beethoven-Klaviernoten\/\" class=\"su-button su-button-style-default\" style=\"color:#f4f4f5;background-color:#c70210;border-color:#a0020d;border-radius:29px\" target=\"_blank\" rel=\"noopener noreferrer\"><span style=\"color:#f4f4f5;padding:0px 16px;font-size:13px;line-height:26px;border-color:#d84e58;border-radius:29px;text-shadow:none\"> Mehr Noten f\u00fcr Klavier entdecken<\/span><\/a>\n<p><strong>F\u00fcr Chor:<\/strong><\/p>\n<ul>\n<li><a href=\"https:\/\/www.alle-noten.de\/Chor\/Gemischter-Chor\/Chorbuch-Beethoven-Chorleiterband-mit-CD.html\" target=\"_blank\" rel=\"noopener noreferrer\"><strong>Chorbuch Beethoven f\u00fcr Chorleiter<\/strong><\/a><\/li>\n<li><a href=\"https:\/\/www.alle-noten.de\/Chor\/Gemischter-Chor\/Schlusschor-Finale-An-die-Freude-aus-Symphonie-Nr-9-op-125.html\" target=\"_blank\" rel=\"noopener noreferrer\"><strong>Schlu\u00dfchor (Finale) &#8218;An die Freude&#8216; aus Symphonie Nr. 9 op. 125<\/strong><\/a><\/li>\n<li><a href=\"https:\/\/www.alle-noten.de\/Orchester\/Sinfonieorchester\/Kyrie-nach-dem-Adagio-der-Mondscheinsonate-nr-7.html\" target=\"_blank\" rel=\"noopener noreferrer\"><strong>Kyrie nach dem Adagio der &#8218;Mondscheinsonate&#8216;<\/strong><\/a><\/li>\n<\/ul>\n<a href=\"https:\/\/www.alle-noten.de\/Noten\/Ludwig-van-Beethoven-Noten-fuer-gemischten-Chor\/\" class=\"su-button su-button-style-default\" style=\"color:#f4f4f5;background-color:#c70210;border-color:#a0020d;border-radius:29px\" target=\"_blank\" rel=\"noopener noreferrer\"><span style=\"color:#f4f4f5;padding:0px 16px;font-size:13px;line-height:26px;border-color:#d84e58;border-radius:29px;text-shadow:none\"> Mehr Noten f\u00fcr Chor entdecken<\/span><\/a>\n<p><strong>F\u00fcr Orchester:<\/strong><\/p>\n<p>In unserem Online Shop finden Sie auch eine gro\u00dfe Auswahl an Noten f\u00fcr <a href=\"https:\/\/www.alle-noten.de\/Noten\/Ludwig-van-Beethoven-Noten-fuer-Blasorchester\/\" target=\"_blank\" rel=\"noopener noreferrer\">Blasorchester<\/a>, <a href=\"https:\/\/www.alle-noten.de\/Noten\/Ludwig-van-Beethoven-Noten-fuer-Streichorchester\/\" target=\"_blank\" rel=\"noopener noreferrer\">Streichorchester<\/a> und <a href=\"https:\/\/www.alle-noten.de\/Noten\/Ludwig-van-Beethoven-Noten-fuer-flexibles-Ensemble\/\" target=\"_blank\" rel=\"noopener noreferrer\">flexible Ensembles<\/a>.<\/p>\n<p>Wir w\u00fcnschen Ihnen viel Spa\u00df beim Musizieren und Erleben von Beethovens Musik!<\/p>\n<hr \/>\n<p><strong>Bildnachweise:<\/strong><\/p>\n<p>Titelbild: \u00a9 merrymoonmary\/iStock, Bild 2: \u00a9 ilbusca\/iStock, Bild 3: \u00a9 chris-mueller\/iStock, Bild 4: \u00a9 ZU_09\/iStock, Bild 5: \u00a9 StudioBarcelona\/iStock, Bild 6: \u00a9 ChiccoDodiFC\/iStock, Bild 7: \u00a9 disqis\/iStock, Bild 8: \u00a9 Santje09\/iStock.<\/p>\n","protected":false},"excerpt":{"rendered":"<p>Ludwig van Beethoven ist zweifelsohne einer der bedeutendsten Komponisten aller Zeiten. Werke wie die 9. Sinfonie oder sein Klavierst\u00fcck \u201eF\u00fcr Elise\u201c sind weltweit beliebt und bekannt. Doch wie sah Beethovens Leben aus und welche Vorbilder haben ihn gepr\u00e4gt? Erfahren Sie in diesem Artikel alles rund um Beethovens Biografie, seine Werke und sein Wirken.<\/p>\n","protected":false},"author":1002,"featured_media":2814,"comment_status":"closed","ping_status":"closed","sticky":false,"template":"","format":"standard","meta":{"footnotes":""},"categories":[5],"tags":[],"class_list":["post-2812","post","type-post","status-publish","format-standard","has-post-thumbnail","hentry","category-persoenlichkeiten"],"yoast_head":"<!-- This site is optimized with the Yoast SEO plugin v27.2 - https:\/\/yoast.com\/product\/yoast-seo-wordpress\/ -->\n<title>Ludwig van Beethoven: Biografie, Lebenslauf &amp; Wirken<\/title>\n<meta name=\"description\" content=\"2020 ist Beethoven-Jahr! Erfahren Sie hier alles zum Musik-Genie: \u2713 Beethovens Biografie \u2713 Werke \u2713 Wirkung bis heute \u00bb Mehr lesen.\" \/>\n<meta name=\"robots\" content=\"index, follow, max-snippet:-1, max-image-preview:large, max-video-preview:-1\" \/>\n<link rel=\"canonical\" href=\"https:\/\/www.alle-noten.de\/magazin\/beethoven-biografie\/\" \/>\n<meta property=\"og:locale\" content=\"de_DE\" \/>\n<meta property=\"og:type\" content=\"article\" \/>\n<meta property=\"og:title\" content=\"Ludwig van Beethoven: Biografie, Lebenslauf &amp; Wirken\" \/>\n<meta property=\"og:description\" content=\"2020 ist Beethoven-Jahr! Erfahren Sie hier alles zum Musik-Genie: \u2713 Beethovens Biografie \u2713 Werke \u2713 Wirkung bis heute \u00bb Mehr lesen.\" \/>\n<meta property=\"og:url\" content=\"https:\/\/www.alle-noten.de\/magazin\/beethoven-biografie\/\" \/>\n<meta property=\"og:site_name\" content=\"alle-noten Magazin\" \/>\n<meta property=\"article:published_time\" content=\"2020-03-17T07:07:16+00:00\" \/>\n<meta property=\"article:modified_time\" content=\"2025-10-06T06:37:50+00:00\" \/>\n<meta property=\"og:image\" content=\"https:\/\/www.alle-noten.de\/magazin\/wp-content\/uploads\/2020\/03\/beethoven-im-profil.jpg\" \/>\n\t<meta property=\"og:image:width\" content=\"640\" \/>\n\t<meta property=\"og:image:height\" content=\"570\" \/>\n\t<meta property=\"og:image:type\" content=\"image\/jpeg\" \/>\n<meta name=\"author\" content=\"Felix Meyer\" \/>\n<meta name=\"twitter:card\" content=\"summary_large_image\" \/>\n<meta name=\"twitter:label1\" content=\"Verfasst von\" \/>\n\t<meta name=\"twitter:data1\" content=\"Felix Meyer\" \/>\n\t<meta name=\"twitter:label2\" content=\"Gesch\u00e4tzte Lesezeit\" \/>\n\t<meta name=\"twitter:data2\" content=\"15\u00a0Minuten\" \/>\n<script type=\"application\/ld+json\" class=\"yoast-schema-graph\">{\"@context\":\"https:\/\/schema.org\",\"@graph\":[{\"@type\":\"Article\",\"@id\":\"https:\/\/www.alle-noten.de\/magazin\/beethoven-biografie\/#article\",\"isPartOf\":{\"@id\":\"https:\/\/www.alle-noten.de\/magazin\/beethoven-biografie\/\"},\"author\":{\"name\":\"Felix Meyer\",\"@id\":\"https:\/\/www.alle-noten.de\/magazin\/#\/schema\/person\/422c0360fa3e580313a9e4b98e90aefb\"},\"headline\":\"Ludwig van Beethoven: Biografie, Lebenslauf &#038; Wirken\",\"datePublished\":\"2020-03-17T07:07:16+00:00\",\"dateModified\":\"2025-10-06T06:37:50+00:00\",\"mainEntityOfPage\":{\"@id\":\"https:\/\/www.alle-noten.de\/magazin\/beethoven-biografie\/\"},\"wordCount\":2258,\"image\":{\"@id\":\"https:\/\/www.alle-noten.de\/magazin\/beethoven-biografie\/#primaryimage\"},\"thumbnailUrl\":\"https:\/\/www.alle-noten.de\/magazin\/wp-content\/uploads\/2020\/03\/beethoven-im-profil.jpg\",\"articleSection\":[\"Pers\u00f6nlichkeiten\"],\"inLanguage\":\"de\"},{\"@type\":\"WebPage\",\"@id\":\"https:\/\/www.alle-noten.de\/magazin\/beethoven-biografie\/\",\"url\":\"https:\/\/www.alle-noten.de\/magazin\/beethoven-biografie\/\",\"name\":\"Ludwig van Beethoven: Biografie, Lebenslauf & Wirken\",\"isPartOf\":{\"@id\":\"https:\/\/www.alle-noten.de\/magazin\/#website\"},\"primaryImageOfPage\":{\"@id\":\"https:\/\/www.alle-noten.de\/magazin\/beethoven-biografie\/#primaryimage\"},\"image\":{\"@id\":\"https:\/\/www.alle-noten.de\/magazin\/beethoven-biografie\/#primaryimage\"},\"thumbnailUrl\":\"https:\/\/www.alle-noten.de\/magazin\/wp-content\/uploads\/2020\/03\/beethoven-im-profil.jpg\",\"datePublished\":\"2020-03-17T07:07:16+00:00\",\"dateModified\":\"2025-10-06T06:37:50+00:00\",\"author\":{\"@id\":\"https:\/\/www.alle-noten.de\/magazin\/#\/schema\/person\/422c0360fa3e580313a9e4b98e90aefb\"},\"description\":\"2020 ist Beethoven-Jahr! Erfahren Sie hier alles zum Musik-Genie: \u2713 Beethovens Biografie \u2713 Werke \u2713 Wirkung bis heute \u00bb Mehr lesen.\",\"breadcrumb\":{\"@id\":\"https:\/\/www.alle-noten.de\/magazin\/beethoven-biografie\/#breadcrumb\"},\"inLanguage\":\"de\",\"potentialAction\":[{\"@type\":\"ReadAction\",\"target\":[\"https:\/\/www.alle-noten.de\/magazin\/beethoven-biografie\/\"]}]},{\"@type\":\"ImageObject\",\"inLanguage\":\"de\",\"@id\":\"https:\/\/www.alle-noten.de\/magazin\/beethoven-biografie\/#primaryimage\",\"url\":\"https:\/\/www.alle-noten.de\/magazin\/wp-content\/uploads\/2020\/03\/beethoven-im-profil.jpg\",\"contentUrl\":\"https:\/\/www.alle-noten.de\/magazin\/wp-content\/uploads\/2020\/03\/beethoven-im-profil.jpg\",\"width\":640,\"height\":570,\"caption\":\"Ludwig van Beethoven im Profil\"},{\"@type\":\"BreadcrumbList\",\"@id\":\"https:\/\/www.alle-noten.de\/magazin\/beethoven-biografie\/#breadcrumb\",\"itemListElement\":[{\"@type\":\"ListItem\",\"position\":1,\"name\":\"Home\",\"item\":\"https:\/\/www.alle-noten.de\/magazin\/\"},{\"@type\":\"ListItem\",\"position\":2,\"name\":\"Ludwig van Beethoven: Biografie, Lebenslauf &#038; Wirken\"}]},{\"@type\":\"WebSite\",\"@id\":\"https:\/\/www.alle-noten.de\/magazin\/#website\",\"url\":\"https:\/\/www.alle-noten.de\/magazin\/\",\"name\":\"alle-noten Magazin\",\"description\":\"\",\"potentialAction\":[{\"@type\":\"SearchAction\",\"target\":{\"@type\":\"EntryPoint\",\"urlTemplate\":\"https:\/\/www.alle-noten.de\/magazin\/?s={search_term_string}\"},\"query-input\":{\"@type\":\"PropertyValueSpecification\",\"valueRequired\":true,\"valueName\":\"search_term_string\"}}],\"inLanguage\":\"de\"},{\"@type\":\"Person\",\"@id\":\"https:\/\/www.alle-noten.de\/magazin\/#\/schema\/person\/422c0360fa3e580313a9e4b98e90aefb\",\"name\":\"Felix Meyer\",\"image\":{\"@type\":\"ImageObject\",\"inLanguage\":\"de\",\"@id\":\"https:\/\/secure.gravatar.com\/avatar\/87bc89309281a1af1ecea56aa601b7e063f041804d7b9da68a1bfed62ea397aa?s=96&d=https%3A%2F%2Fwww.alle-noten.de%2Fmagazin%2Fwp-content%2Fthemes%2Fallenoten%2Fimg%2Favatar.png&r=g\",\"url\":\"https:\/\/secure.gravatar.com\/avatar\/87bc89309281a1af1ecea56aa601b7e063f041804d7b9da68a1bfed62ea397aa?s=96&d=https%3A%2F%2Fwww.alle-noten.de%2Fmagazin%2Fwp-content%2Fthemes%2Fallenoten%2Fimg%2Favatar.png&r=g\",\"contentUrl\":\"https:\/\/secure.gravatar.com\/avatar\/87bc89309281a1af1ecea56aa601b7e063f041804d7b9da68a1bfed62ea397aa?s=96&d=https%3A%2F%2Fwww.alle-noten.de%2Fmagazin%2Fwp-content%2Fthemes%2Fallenoten%2Fimg%2Favatar.png&r=g\",\"caption\":\"Felix Meyer\"}}]}<\/script>\n<!-- \/ Yoast SEO plugin. -->","yoast_head_json":{"title":"Ludwig van Beethoven: Biografie, Lebenslauf & Wirken","description":"2020 ist Beethoven-Jahr! Erfahren Sie hier alles zum Musik-Genie: \u2713 Beethovens Biografie \u2713 Werke \u2713 Wirkung bis heute \u00bb Mehr lesen.","robots":{"index":"index","follow":"follow","max-snippet":"max-snippet:-1","max-image-preview":"max-image-preview:large","max-video-preview":"max-video-preview:-1"},"canonical":"https:\/\/www.alle-noten.de\/magazin\/beethoven-biografie\/","og_locale":"de_DE","og_type":"article","og_title":"Ludwig van Beethoven: Biografie, Lebenslauf & Wirken","og_description":"2020 ist Beethoven-Jahr! Erfahren Sie hier alles zum Musik-Genie: \u2713 Beethovens Biografie \u2713 Werke \u2713 Wirkung bis heute \u00bb Mehr lesen.","og_url":"https:\/\/www.alle-noten.de\/magazin\/beethoven-biografie\/","og_site_name":"alle-noten Magazin","article_published_time":"2020-03-17T07:07:16+00:00","article_modified_time":"2025-10-06T06:37:50+00:00","og_image":[{"width":640,"height":570,"url":"https:\/\/www.alle-noten.de\/magazin\/wp-content\/uploads\/2020\/03\/beethoven-im-profil.jpg","type":"image\/jpeg"}],"author":"Felix Meyer","twitter_card":"summary_large_image","twitter_misc":{"Verfasst von":"Felix Meyer","Gesch\u00e4tzte Lesezeit":"15\u00a0Minuten"},"schema":{"@context":"https:\/\/schema.org","@graph":[{"@type":"Article","@id":"https:\/\/www.alle-noten.de\/magazin\/beethoven-biografie\/#article","isPartOf":{"@id":"https:\/\/www.alle-noten.de\/magazin\/beethoven-biografie\/"},"author":{"name":"Felix Meyer","@id":"https:\/\/www.alle-noten.de\/magazin\/#\/schema\/person\/422c0360fa3e580313a9e4b98e90aefb"},"headline":"Ludwig van Beethoven: Biografie, Lebenslauf &#038; Wirken","datePublished":"2020-03-17T07:07:16+00:00","dateModified":"2025-10-06T06:37:50+00:00","mainEntityOfPage":{"@id":"https:\/\/www.alle-noten.de\/magazin\/beethoven-biografie\/"},"wordCount":2258,"image":{"@id":"https:\/\/www.alle-noten.de\/magazin\/beethoven-biografie\/#primaryimage"},"thumbnailUrl":"https:\/\/www.alle-noten.de\/magazin\/wp-content\/uploads\/2020\/03\/beethoven-im-profil.jpg","articleSection":["Pers\u00f6nlichkeiten"],"inLanguage":"de"},{"@type":"WebPage","@id":"https:\/\/www.alle-noten.de\/magazin\/beethoven-biografie\/","url":"https:\/\/www.alle-noten.de\/magazin\/beethoven-biografie\/","name":"Ludwig van Beethoven: Biografie, Lebenslauf & Wirken","isPartOf":{"@id":"https:\/\/www.alle-noten.de\/magazin\/#website"},"primaryImageOfPage":{"@id":"https:\/\/www.alle-noten.de\/magazin\/beethoven-biografie\/#primaryimage"},"image":{"@id":"https:\/\/www.alle-noten.de\/magazin\/beethoven-biografie\/#primaryimage"},"thumbnailUrl":"https:\/\/www.alle-noten.de\/magazin\/wp-content\/uploads\/2020\/03\/beethoven-im-profil.jpg","datePublished":"2020-03-17T07:07:16+00:00","dateModified":"2025-10-06T06:37:50+00:00","author":{"@id":"https:\/\/www.alle-noten.de\/magazin\/#\/schema\/person\/422c0360fa3e580313a9e4b98e90aefb"},"description":"2020 ist Beethoven-Jahr! Erfahren Sie hier alles zum Musik-Genie: \u2713 Beethovens Biografie \u2713 Werke \u2713 Wirkung bis heute \u00bb Mehr lesen.","breadcrumb":{"@id":"https:\/\/www.alle-noten.de\/magazin\/beethoven-biografie\/#breadcrumb"},"inLanguage":"de","potentialAction":[{"@type":"ReadAction","target":["https:\/\/www.alle-noten.de\/magazin\/beethoven-biografie\/"]}]},{"@type":"ImageObject","inLanguage":"de","@id":"https:\/\/www.alle-noten.de\/magazin\/beethoven-biografie\/#primaryimage","url":"https:\/\/www.alle-noten.de\/magazin\/wp-content\/uploads\/2020\/03\/beethoven-im-profil.jpg","contentUrl":"https:\/\/www.alle-noten.de\/magazin\/wp-content\/uploads\/2020\/03\/beethoven-im-profil.jpg","width":640,"height":570,"caption":"Ludwig van Beethoven im Profil"},{"@type":"BreadcrumbList","@id":"https:\/\/www.alle-noten.de\/magazin\/beethoven-biografie\/#breadcrumb","itemListElement":[{"@type":"ListItem","position":1,"name":"Home","item":"https:\/\/www.alle-noten.de\/magazin\/"},{"@type":"ListItem","position":2,"name":"Ludwig van Beethoven: Biografie, Lebenslauf &#038; Wirken"}]},{"@type":"WebSite","@id":"https:\/\/www.alle-noten.de\/magazin\/#website","url":"https:\/\/www.alle-noten.de\/magazin\/","name":"alle-noten Magazin","description":"","potentialAction":[{"@type":"SearchAction","target":{"@type":"EntryPoint","urlTemplate":"https:\/\/www.alle-noten.de\/magazin\/?s={search_term_string}"},"query-input":{"@type":"PropertyValueSpecification","valueRequired":true,"valueName":"search_term_string"}}],"inLanguage":"de"},{"@type":"Person","@id":"https:\/\/www.alle-noten.de\/magazin\/#\/schema\/person\/422c0360fa3e580313a9e4b98e90aefb","name":"Felix Meyer","image":{"@type":"ImageObject","inLanguage":"de","@id":"https:\/\/secure.gravatar.com\/avatar\/87bc89309281a1af1ecea56aa601b7e063f041804d7b9da68a1bfed62ea397aa?s=96&d=https%3A%2F%2Fwww.alle-noten.de%2Fmagazin%2Fwp-content%2Fthemes%2Fallenoten%2Fimg%2Favatar.png&r=g","url":"https:\/\/secure.gravatar.com\/avatar\/87bc89309281a1af1ecea56aa601b7e063f041804d7b9da68a1bfed62ea397aa?s=96&d=https%3A%2F%2Fwww.alle-noten.de%2Fmagazin%2Fwp-content%2Fthemes%2Fallenoten%2Fimg%2Favatar.png&r=g","contentUrl":"https:\/\/secure.gravatar.com\/avatar\/87bc89309281a1af1ecea56aa601b7e063f041804d7b9da68a1bfed62ea397aa?s=96&d=https%3A%2F%2Fwww.alle-noten.de%2Fmagazin%2Fwp-content%2Fthemes%2Fallenoten%2Fimg%2Favatar.png&r=g","caption":"Felix Meyer"}}]}},"publishpress_future_action":{"enabled":false,"date":"2026-05-07 21:35:01","action":"change-status","newStatus":"draft","terms":[],"taxonomy":"category","extraData":[]},"publishpress_future_workflow_manual_trigger":{"enabledWorkflows":[]},"_links":{"self":[{"href":"https:\/\/www.alle-noten.de\/magazin\/wp-json\/wp\/v2\/posts\/2812","targetHints":{"allow":["GET"]}}],"collection":[{"href":"https:\/\/www.alle-noten.de\/magazin\/wp-json\/wp\/v2\/posts"}],"about":[{"href":"https:\/\/www.alle-noten.de\/magazin\/wp-json\/wp\/v2\/types\/post"}],"author":[{"embeddable":true,"href":"https:\/\/www.alle-noten.de\/magazin\/wp-json\/wp\/v2\/users\/1002"}],"replies":[{"embeddable":true,"href":"https:\/\/www.alle-noten.de\/magazin\/wp-json\/wp\/v2\/comments?post=2812"}],"version-history":[{"count":16,"href":"https:\/\/www.alle-noten.de\/magazin\/wp-json\/wp\/v2\/posts\/2812\/revisions"}],"predecessor-version":[{"id":3516,"href":"https:\/\/www.alle-noten.de\/magazin\/wp-json\/wp\/v2\/posts\/2812\/revisions\/3516"}],"wp:featuredmedia":[{"embeddable":true,"href":"https:\/\/www.alle-noten.de\/magazin\/wp-json\/wp\/v2\/media\/2814"}],"wp:attachment":[{"href":"https:\/\/www.alle-noten.de\/magazin\/wp-json\/wp\/v2\/media?parent=2812"}],"wp:term":[{"taxonomy":"category","embeddable":true,"href":"https:\/\/www.alle-noten.de\/magazin\/wp-json\/wp\/v2\/categories?post=2812"},{"taxonomy":"post_tag","embeddable":true,"href":"https:\/\/www.alle-noten.de\/magazin\/wp-json\/wp\/v2\/tags?post=2812"}],"curies":[{"name":"wp","href":"https:\/\/api.w.org\/{rel}","templated":true}]}}