{"id":3741,"date":"2026-03-16T13:46:37","date_gmt":"2026-03-16T12:46:37","guid":{"rendered":"https:\/\/www.alle-noten.de\/magazin\/?p=3741"},"modified":"2026-03-16T13:46:37","modified_gmt":"2026-03-16T12:46:37","slug":"deutsche-dirigenten-ihr-schaffen-die-besten-werke-alle-noten","status":"publish","type":"post","link":"https:\/\/www.alle-noten.de\/magazin\/deutsche-dirigenten-ihr-schaffen-die-besten-werke-alle-noten\/","title":{"rendered":"Deutsche Dirigenten &#038; andere ber\u00fchmte Maestros"},"content":{"rendered":"<p><strong>Viele deutsche Dirigenten oder eng mit Deutschland verbundene Maestros wirkten und wirken als kreativer Motor internationaler Orchester und Sch\u00f6pfer einzigartiger musikalischer Interpretationen. Sie begeistern durch Charisma, technische Exzellenz und eine tiefe Suche nach der Essenz der aufgef\u00fchrten St\u00fccke. Wir stellen Ihnen die ber\u00fchmtesten deutschen Dirigenten, ber\u00fchmte ausl\u00e4ndische Kollegen und ihre bekanntesten Auff\u00fchrungen mit den dazu passenden Noten vor.<\/strong><\/p>\n<p><!--more--><\/p>\n<p><strong>Viele deutsche Dirigenten oder eng mit Deutschland verbundene Maestros wirkten und wirken als kreativer Motor internationaler Orchester und Sch\u00f6pfer einzigartiger musikalischer Interpretationen. Sie begeistern durch Charisma, technische Exzellenz und eine tiefe Suche nach der Essenz der aufgef\u00fchrten St\u00fccke. Wir stellen Ihnen die ber\u00fchmtesten deutschen Dirigenten, ber\u00fchmte ausl\u00e4ndische Kollegen und ihre bekanntesten Auff\u00fchrungen mit den dazu passenden Noten vor.<\/strong><\/p>\n<h2>Deutsche Dirigenten \u2013 Musik Made in Germany<\/h2>\n<p>Deutsche Dirigenten haben die Musikwelt ma\u00dfgeblich gepr\u00e4gt. Louis Spohr griff als erster zum Taktstock, Hans von B\u00fclow erfand das moderne Dirigieren, Wilhelm Furtw\u00e4ngler war der erste Dirigent mit Weltruhm und Herbert von Karajan schuf den einzigartigen Klang der Berliner Philharmoniker. Von den \u201eBerlinern\u201c gehen unter ihrem amtierenden Dirigenten Kirill Petrenko weiterhin starke musikalische Impulse aus.<\/p>\n<p>Junge deutsche Nachwuchsdirigenten wie Joana Mallwitz, Thomas Guggeis oder Mirga Gra\u017einyt\u0117-Tyla, die zwar aus Litauen stammt, aber in Deutschland studierte, stehen in den Startl\u00f6chern, um die Podien der Welt zu erobern.<\/p>\n<h2>Chefposten der Superlative \u2013 die Dirigenten der Berliner Philharmoniker<\/h2>\n<p>Die Berliner Philharmoniker gelten als das beste Orchester der Welt \u2013 wer sie dirigiert, hat es in den Olymp der Dirigenten geschafft. Denn auch der beste Dirigent ist nichts ohne die Musiker und das K\u00f6nnen eines gro\u00dfartigen Orchesters. Vor allem Karajan pr\u00e4gte den Klang des Orchesters entscheidend und verhalf ihm zu Weltruhm. Seitdem spricht man vom \u201eBerliner Klang\u201c. Er wird als warm, satt, kraftvoll und pr\u00e4zise beschrieben. Die Berliner gelten als weltweiter Orchester-Ma\u00dfstab. Nur Top-Musiker finden hier einen Posten. Interessanter Fakt: die Orchestermitglieder entscheiden demokratisch \u00fcber einen Neuzugang. Weltber\u00fchmte Berliner Chefs waren Hans von B\u00fclow, Arthur Nikisch, Wilhelm Furtw\u00e4ngler, Herbert von Karajan, Claudio Abbado und Sir Simon Rattle.<\/p>\n<h2>Hans von B\u00fclow (1830 \u2013 1894)<\/h2>\n<p>Hans von B\u00fclow z\u00e4hlt zu den einflussreichsten und gleichzeitig tragischsten Pers\u00f6nlichkeiten der Musikgeschichte. Als musikalischer \u00dcberflieger lernte er zun\u00e4chst Klavier bei Franz Liszt, widmete sich sp\u00e4ter aber dem Dirigieren und gilt als Erfinder des modernen Dirigierens. Als einer der ersten dirigierte er auswendig, schuf werksgetreue Interpretationen und feilte intensiv am Klang. Von B\u00fclow leitete unter anderem die Meininger Hofkapelle. Hier wandte er als erster das Meininger Prinzip auf die Orchesterarbeit an. Demnach muss jede Komposition werksgetreu, detailreich und dem historischen Kontext entsprechend aufgef\u00fchrt werden, was intensives Proben zur Bedingung hat. Direkt von Meiningen ging es nach Berlin und von B\u00fclow wurde bei\u00a0der Gr\u00fcndung im Jahr 1882 der erste Dirigent der Berliner Philharmoniker. Tragisch verlief hingegen sein Privatleben. Nach der Hochzeit mit der Tochter von Franz Liszt, verliebte sie sich in Richard Wagner und bekam noch w\u00e4hrend der Ehe mit von B\u00fclow mehrere Kinder mit Wagner. Auf der B\u00fchne blieb Hans von B\u00fclow ein professioneller Meister, doch in seinem Inneren k\u00e4mpfte er mit Depressionen und Bitterkeit. Als Konsequenz wandte er sich in den Jahren danach von Wagner ab und wurde ein gl\u00fchender Interpret von Brahms, Beethoven und Bach. Besonders gefeiert wurde er f\u00fcr die Urauff\u00fchrung der 1. Sinfonie von Brahms im Jahr 1876.<\/p>\n<p>&nbsp;<\/p>\n<div id=\"attachment_3746\" style=\"width: 245px\" class=\"wp-caption aligncenter\"><a href=\"https:\/\/www.alle-noten.de\/Orchester\/Sinfonieorchester\/Symphonie-Nr-1-c-moll-op-68-nr-4.html?utm_source=magazin&amp;utm_medium=Beitrag&amp;utm_campaign=deutsche-dirigenten\"><img loading=\"lazy\" decoding=\"async\" aria-describedby=\"caption-attachment-3746\" class=\"size-medium wp-image-3746\" src=\"https:\/\/www.alle-noten.de\/magazin\/wp-content\/uploads\/2026\/03\/Art_71476-235x300.jpg\" alt=\"Johannes Brahms: Symphonie Nr. 1 c-moll op. 68\" width=\"235\" height=\"300\" srcset=\"https:\/\/www.alle-noten.de\/magazin\/wp-content\/uploads\/2026\/03\/Art_71476-235x300.jpg 235w, https:\/\/www.alle-noten.de\/magazin\/wp-content\/uploads\/2026\/03\/Art_71476.jpg 678w\" sizes=\"auto, (max-width: 235px) 100vw, 235px\" \/><\/a><p id=\"caption-attachment-3746\" class=\"wp-caption-text\"><a href=\"https:\/\/www.alle-noten.de\/Orchester\/Sinfonieorchester\/Symphonie-Nr-1-c-moll-op-68-nr-4.html?utm_source=magazin&amp;utm_medium=Beitrag&amp;utm_campaign=deutsche-dirigenten\">Johannes Brahms: <em>Symphonie Nr. 1 c-moll op. 68<\/em><\/a><\/p><\/div>\n<p>&nbsp;<\/p>\n<h2>Wilhelm Furtw\u00e4ngler (1886 \u2013 1954)<\/h2>\n<p><a href=\"https:\/\/www.alle-noten.de\/Noten\/Wilhelm-Furtwaengler-Noten-fuer-Orchester\/?utm_source=magazin&amp;utm_medium=Beitrag&amp;utm_campaign=deutsche-dirigenten\">Wilhelm Furtw\u00e4ngler<\/a> war einer der ersten deutschen Dirigenten, die international bekannt wurden. Er gilt als gr\u00f6\u00dfter Dirigent aller Zeiten. Er schuf Interpretationen voller Spannung und existenzieller Tiefe. Furtw\u00e4ngler arbeitete erstmals mit verschiedenen Tempi, gro\u00dfen Spannungsb\u00f6gen und erz\u00e4hlerischen Steigerungen. Musik war f\u00fcr ihn ein lebendiger Prozess, weshalb sein Stil als \u201eorganisch\u201c beschrieben wird.<\/p>\n<p>Legend\u00e4r ist seine Auff\u00fchrung von Beethovens Sinfonie Nr. 9 anl\u00e4sslich der Bayreuther Festspiele von 1951 mit dem Bayreuther Festspielorchester. Er pr\u00e4sentierte ein Werk voller Dramatik, kraftvoller Energie und philosophischer Wahrheit.<\/p>\n<p>&nbsp;<\/p>\n<p><iframe loading=\"lazy\" title=\"Beethoven: Symphony no. 9 &quot;Choral&quot; (Furtwangler, Bayreuth 1951)\" width=\"500\" height=\"375\" src=\"https:\/\/www.youtube.com\/embed\/dHDXdbSWu0E?feature=oembed&#038;enablejsapi=1&#038;origin=https:\/\/www.alle-noten.de\" frameborder=\"0\" allow=\"accelerometer; autoplay; clipboard-write; encrypted-media; gyroscope; picture-in-picture; web-share\" referrerpolicy=\"strict-origin-when-cross-origin\" allowfullscreen><\/iframe><\/p>\n<p>&nbsp;<\/p>\n<div id=\"attachment_3750\" style=\"width: 239px\" class=\"wp-caption aligncenter\"><a href=\"https:\/\/www.alle-noten.de\/Orchester\/Sinfonieorchester\/Symphonie-Nr-9-d-moll-op-125-nr-26.html?utm_source=magazin&amp;utm_medium=Beitrag&amp;utm_campaign=deutsche-dirigenten\"><img loading=\"lazy\" decoding=\"async\" aria-describedby=\"caption-attachment-3750\" class=\"size-medium wp-image-3750\" src=\"https:\/\/www.alle-noten.de\/magazin\/wp-content\/uploads\/2026\/03\/Art_54590-229x300.jpg\" alt=\"Ludwig van Beethoven: Symphonie Nr. 9 d-moll op. 125\" width=\"229\" height=\"300\" srcset=\"https:\/\/www.alle-noten.de\/magazin\/wp-content\/uploads\/2026\/03\/Art_54590-229x300.jpg 229w, https:\/\/www.alle-noten.de\/magazin\/wp-content\/uploads\/2026\/03\/Art_54590.jpg 656w\" sizes=\"auto, (max-width: 229px) 100vw, 229px\" \/><\/a><p id=\"caption-attachment-3750\" class=\"wp-caption-text\"><a href=\"https:\/\/www.alle-noten.de\/Orchester\/Sinfonieorchester\/Symphonie-Nr-9-d-moll-op-125-nr-26.html?utm_source=magazin&amp;utm_medium=Beitrag&amp;utm_campaign=deutsche-dirigenten\">Ludwig van Beethoven: <em>Symphonie Nr. 9 d-moll op. 125<\/em><\/a><\/p><\/div>\n<p>&nbsp;<\/p>\n<p>Musikhistoriker bezeichnen Furtw\u00e4nglers Wagner-Einspielung von \u201eTristan und Isolde\u201c mit dem London Philharmonia Orchestra im Jahr 1952 als intensivste Wagner-Interpretation des 20. Jahrhunderts. Mit einem einzigartigen, geheimnisvoll-mystischen Klang, weiten Spannungsb\u00f6gen, einer dunklen Klangf\u00e4rbung und sehr breit gewebten Streicherpassagen erz\u00e4hlt Furtw\u00e4ngler die Geschichte einer tragischen Liebe, die mit dem Tod endet. Die Studioaufnahme ist Furtw\u00e4nglers einzige vollst\u00e4ndige Studioaufzeichnung dieser Oper.<\/p>\n<p>Furtw\u00e4nglers enge Kontakte zu den Nationalsozialisten \u00fcberschatten sein Schaffen und entfachen immer wieder aufs Neue die Diskussion um die k\u00fcnstlerische Freiheit.<\/p>\n<p>&nbsp;<\/p>\n<p><iframe loading=\"lazy\" title=\"Tristan und Isolde: Prelude\" width=\"500\" height=\"375\" src=\"https:\/\/www.youtube.com\/embed\/Wqrqva6nkSU?list=PLsk2TDk23WhozA7dZY-zg_wa-YrfuJnhP\" frameborder=\"0\" allow=\"accelerometer; autoplay; clipboard-write; encrypted-media; gyroscope; picture-in-picture; web-share\" referrerpolicy=\"strict-origin-when-cross-origin\" allowfullscreen><\/iframe><\/p>\n<p>&nbsp;<\/p>\n<div id=\"attachment_3753\" style=\"width: 219px\" class=\"wp-caption aligncenter\"><a href=\"https:\/\/www.alle-noten.de\/Chor\/Gemischter-Chor\/Tristan-und-Isolde-WWV-90-nr.html?utm_source=magazin&amp;utm_medium=Beitrag&amp;utm_campaign=deutsche-dirigenten\"><img loading=\"lazy\" decoding=\"async\" aria-describedby=\"caption-attachment-3753\" class=\"size-medium wp-image-3753\" src=\"https:\/\/www.alle-noten.de\/magazin\/wp-content\/uploads\/2026\/03\/Art_79299-209x300.jpg\" alt=\"Richard Wagner: Tristan und Isolde WWV 90 \" width=\"209\" height=\"300\" srcset=\"https:\/\/www.alle-noten.de\/magazin\/wp-content\/uploads\/2026\/03\/Art_79299-209x300.jpg 209w, https:\/\/www.alle-noten.de\/magazin\/wp-content\/uploads\/2026\/03\/Art_79299.jpg 603w\" sizes=\"auto, (max-width: 209px) 100vw, 209px\" \/><\/a><p id=\"caption-attachment-3753\" class=\"wp-caption-text\"><a href=\"https:\/\/www.alle-noten.de\/Chor\/Gemischter-Chor\/Tristan-und-Isolde-WWV-90-nr.html?utm_source=magazin&amp;utm_medium=Beitrag&amp;utm_campaign=deutsche-dirigenten\">Richard Wagner:<em> Tristan und Isolde WWV 90<\/em><\/a><\/p><\/div>\n<p>&nbsp;<\/p>\n<h2>Herbert von Karajan (1908 \u2013 1989)<\/h2>\n<p>Auch Herbert von Karajan geh\u00f6rt zu den bekanntesten und wirkm\u00e4chtigsten deutschen Dirigenten des 20. Jahrhunderts. Eine au\u00dfergew\u00f6hnliche internationale Medienpr\u00e4senz, millionenfach verkaufte Aufnahmen und ausverkaufte Konzerthallen machten ihn zum Superstar unter den Dirigenten. Dennoch ist sein Schaffen durch die enge Verbindung zu den Nationalsozialisten \u00fcberschattet.<br \/>\nNach Kriegsende hatte er zun\u00e4chst Auftrittsverbot. Doch zwischen 1948 und 1949 gelang ihm ein Neustart mit steilem Aufstieg. Mehr als 30 Jahre, von 1955 bis 1989, war er Chef der Berliner Philharmoniker. Er entwickelte den musikalischen Ausdruck des Orchesters weiter und setzte mit der Sch\u00f6pfung des sogenannten \u201eBerliner Klangs\u201c neue Ma\u00dfst\u00e4be. Charakteristisch f\u00fcr Karajans Interpretationen war sein Streben nach klanglicher Reinheit. Akribisch vermied er s\u00e4mtliche Nebenger\u00e4usche und polierte gewisserma\u00dfen die Musik. Musikwissenschaftler sprechen von \u201eklanglicher Stromlinienf\u00f6rmigkeit\u201c \u2013 die jedoch auch kritische Stimmen auf den Plan rief.<\/p>\n<p>Aufgrund des dunklen und dichten Klangs geh\u00f6ren vor allem seine <a href=\"https:\/\/www.alle-noten.de\/Orchester\/Sinfonieorchester\/Sinfonien-Nr-1-4.html?utm_source=magazin&amp;utm_medium=Beitrag&amp;utm_campaign=deutsche-dirigenten\">Brahms\u2018 Sinfonien<\/a> Nr. 1 bis 4 mit den Berliner Philharmonikern zu den am meisten gelobten Aufnahmen \u2013 erschienen bei der Deutschen Grammophon. Auch seiner Interpretation der Bruckner Sinfonien Nr. 7 und 8 attestierte die Musikwelt eine herausragende Klanggewalt und dirigentisches Genie.<\/p>\n<p>&nbsp;<\/p>\n<p><iframe loading=\"lazy\" title=\"Brahms - Symphony No.1 (Karajan, 1987)\" width=\"500\" height=\"281\" src=\"https:\/\/www.youtube.com\/embed\/-B9nERqEmUA?start=12&#038;feature=oembed&#038;enablejsapi=1&#038;origin=https:\/\/www.alle-noten.de\" frameborder=\"0\" allow=\"accelerometer; autoplay; clipboard-write; encrypted-media; gyroscope; picture-in-picture; web-share\" referrerpolicy=\"strict-origin-when-cross-origin\" allowfullscreen><\/iframe><\/p>\n<p>&nbsp;<\/p>\n<div class=\"su-row\"><div class=\"su-column su-column-size-1-2\"><div class=\"su-column-inner su-u-clearfix su-u-trim\">\n<div id=\"attachment_3756\" style=\"width: 217px\" class=\"wp-caption aligncenter\"><a href=\"https:\/\/www.alle-noten.de\/Orchester\/Sinfonieorchester\/Sinfonie-Nr-1-c-Moll-op-68-Standard.html?utm_source=magazin&amp;utm_medium=Beitrag&amp;utm_campaign=deutsche-dirigenten\"><img loading=\"lazy\" decoding=\"async\" aria-describedby=\"caption-attachment-3756\" class=\"size-medium wp-image-3756\" src=\"https:\/\/www.alle-noten.de\/magazin\/wp-content\/uploads\/2026\/03\/Art_24805-207x300.jpg\" alt=\"Johannes Brahms: Sinfonie Nr. 1 c-Moll op. 68\" width=\"207\" height=\"300\" srcset=\"https:\/\/www.alle-noten.de\/magazin\/wp-content\/uploads\/2026\/03\/Art_24805-207x300.jpg 207w, https:\/\/www.alle-noten.de\/magazin\/wp-content\/uploads\/2026\/03\/Art_24805.jpg 592w\" sizes=\"auto, (max-width: 207px) 100vw, 207px\" \/><\/a><p id=\"caption-attachment-3756\" class=\"wp-caption-text\"><a href=\"https:\/\/www.alle-noten.de\/Orchester\/Sinfonieorchester\/Sinfonie-Nr-1-c-Moll-op-68-Standard.html?utm_source=magazin&amp;utm_medium=Beitrag&amp;utm_campaign=deutsche-dirigenten\">Johannes Brahms: <em>Sinfonie Nr. 1 c-Moll op. 68<\/em><\/a><\/p><\/div>\n<\/div><\/div> <div class=\"su-column su-column-size-1-2\"><div class=\"su-column-inner su-u-clearfix su-u-trim\">\n<div id=\"attachment_3759\" style=\"width: 223px\" class=\"wp-caption aligncenter\"><a href=\"https:\/\/www.alle-noten.de\/Orchester\/Sinfonieorchester\/Sinfonie-Nr-7-E-Dur.html?utm_source=magazin&amp;utm_medium=Beitrag&amp;utm_campaign=deutsche-dirigenten\"><img loading=\"lazy\" decoding=\"async\" aria-describedby=\"caption-attachment-3759\" class=\"wp-image-3759 size-medium\" src=\"https:\/\/www.alle-noten.de\/magazin\/wp-content\/uploads\/2026\/03\/Art_24844-213x300.jpg\" alt=\"Anton Bruckner: Sinfonie Nr. 7 E-Dur\" width=\"213\" height=\"300\" srcset=\"https:\/\/www.alle-noten.de\/magazin\/wp-content\/uploads\/2026\/03\/Art_24844-213x300.jpg 213w, https:\/\/www.alle-noten.de\/magazin\/wp-content\/uploads\/2026\/03\/Art_24844.jpg 460w\" sizes=\"auto, (max-width: 213px) 100vw, 213px\" \/><\/a><p id=\"caption-attachment-3759\" class=\"wp-caption-text\"><a href=\"https:\/\/www.alle-noten.de\/Orchester\/Sinfonieorchester\/Sinfonie-Nr-7-E-Dur.html?utm_source=magazin&amp;utm_medium=Beitrag&amp;utm_campaign=deutsche-dirigenten\">Anton Bruckner: <em>Sinfonie Nr. 7 E-Dur<\/em><\/a><\/p><\/div>\n<\/div><\/div><\/div>\n<p>&nbsp;<\/p>\n<h2>Kurt Masur (1927 \u2013 2015)<\/h2>\n<p>Kurt Masurs beruflicher Weg begann als Elektriker. Zur Musik inspirierte ihn seine Schwester, die Klavier spielte. Nach dem Krieg studierte er in Leipzig Dirigieren, Klavier und Komposition und 1970 wurde er Kapellmeister des Gewandhausorchesters Leipzig. Hier fand er seine musikalische Heimat. Beachtliches Detail seiner Biografie: Als einer der wenigen Dirigenten der DDR machte er sich auch international einen Namen und wurde nach Leonard Bernstein Chef der New Yorker Philharmoniker, was einer Sensation gleichkommt. Doch seine Verbindung zu Leipzig blieb stark. So engagierte er sich politisch w\u00e4hrend der Montagsdemonstrationen 1989, indem er zwischen den Demonstranten und den Sicherheitskr\u00e4ften deeskalierte. Zur Feier der Wiedervereinigung f\u00fchrte er mit dem Gewandhausorchester Leipzig <a href=\"https:\/\/www.alle-noten.de\/Orchester\/Sinfonieorchester\/Symphonie-Nr-9-d-moll-op-125-nr-26.html?utm_source=magazin&amp;utm_medium=Beitrag&amp;utm_campaign=deutsche-dirigenten\">Beethovens 9. Sinfonie<\/a> auf. Sowohl menschlich als auch musikalisch wirkte Masur als Vermittler widerstrebender Kr\u00e4fte. Seine tiefe Sprache der Verst\u00e4ndigung brachte er auch in die Musik ein. Er war der \u201eMensch\u201c unter den Dirigenten. Historisch sind seine Einspielungen von <a href=\"https:\/\/www.alle-noten.de\/Kuenstler\/Felix-Mendelssohn-Bartholdy\/?utm_source=magazin&amp;utm_medium=Beitrag&amp;utm_campaign=deutsche-dirigenten\">Felix Mendelssohn Bartholdys<\/a> Gesamtwerk f\u00fcr das DDR-Label Eterna.<\/p>\n<p>&nbsp;<\/p>\n<p><iframe loading=\"lazy\" title=\"Mussorgsky - Pictures at an Exhibition (Kurt Masur &amp; Leipzig Gewandhaus Orchestra)\" width=\"500\" height=\"281\" src=\"https:\/\/www.youtube.com\/embed\/Sq7Qd9PSmR0?feature=oembed&#038;enablejsapi=1&#038;origin=https:\/\/www.alle-noten.de\" frameborder=\"0\" allow=\"accelerometer; autoplay; clipboard-write; encrypted-media; gyroscope; picture-in-picture; web-share\" referrerpolicy=\"strict-origin-when-cross-origin\" allowfullscreen><\/iframe><\/p>\n<p>&nbsp;<\/p>\n<p>&nbsp;<\/p>\n<div id=\"attachment_3764\" style=\"width: 236px\" class=\"wp-caption aligncenter\"><a href=\"https:\/\/www.alle-noten.de\/Orchester\/Sinfonieorchester\/Bilder-einer-Ausstellung-nr-9.html?utm_source=magazin&amp;utm_medium=Beitrag&amp;utm_campaign=deutsche-dirigenten\"><img loading=\"lazy\" decoding=\"async\" aria-describedby=\"caption-attachment-3764\" class=\"size-medium wp-image-3764\" src=\"https:\/\/www.alle-noten.de\/magazin\/wp-content\/uploads\/2026\/03\/Art_56719-226x300.jpg\" alt=\"Modest Mussorgski: Bilder einer Ausstellung\" width=\"226\" height=\"300\" srcset=\"https:\/\/www.alle-noten.de\/magazin\/wp-content\/uploads\/2026\/03\/Art_56719-226x300.jpg 226w, https:\/\/www.alle-noten.de\/magazin\/wp-content\/uploads\/2026\/03\/Art_56719.jpg 488w\" sizes=\"auto, (max-width: 226px) 100vw, 226px\" \/><\/a><p id=\"caption-attachment-3764\" class=\"wp-caption-text\"><a href=\"https:\/\/www.alle-noten.de\/Orchester\/Sinfonieorchester\/Bilder-einer-Ausstellung-nr-9.html?utm_source=magazin&amp;utm_medium=Beitrag&amp;utm_campaign=deutsche-dirigenten\">Modest Mussorgski: <em>Bilder einer Ausstellung<\/em><\/a><\/p><\/div>\n<p>&nbsp;<\/p>\n<h2>Nikolaus Harnoncourt (1929 \u2013 2016)<\/h2>\n<p>Der \u00f6sterreichische Dirigent und Cellist Nikolaus Harnoncourt hat sich vor allem um die sogenannte \u201ehistorische Auff\u00fchrungspraxis\u201c verdient gemacht. Damit gemeint ist die m\u00f6glichst originalgetreue Auff\u00fchrung einer Komposition. Tempi, Artikulation und Spielweise sollen sich streng an der Zeit orientieren, in der das jeweilige St\u00fcck entstand. Voraussetzung ist ein intensives Studium der Werke sowie der historischen Gegebenheiten. Mit der historischen Auff\u00fchrungspraxis beeinflusste Harnoncourt vor allem die Interpretation von Barockmusik und sp\u00e4ter auch der Klassik und Romantik. Mit der wohl eher unbeabsichtigten Folge, dass sich auch die H\u00f6rgewohnheiten \u00e4nderten. Harnoncourt hatte au\u00dferdem Mut, den reinen Klang, den beispielsweise Karajan idealisierte, zu vernachl\u00e4ssigen und auch raue Kl\u00e4nge zuzulassen. Episch sind seine Einspielungen der <a href=\"https:\/\/www.alle-noten.de\/Orchester\/Sinfonieorchester\/Das-geistliche-Vokalwerk-Kantaten-und-Motetten.html?utm_source=magazin&amp;utm_medium=Beitrag&amp;utm_campaign=deutsche-dirigenten\">Bach-Kantaten<\/a>. Sie gelten in der Musikgeschichte als Meilenstein. Weiterhin fanden seine Mozart-Auff\u00fchrungen \u201e<a href=\"https:\/\/www.alle-noten.de\/Orchester\/Sinfonieorchester\/Die-Hochzeit-des-Figaro-KV-492-nr-1.html?utm_source=magazin&amp;utm_medium=Beitrag&amp;utm_campaign=deutsche-dirigenten\">Le nozze de Figaro<\/a>\u201c mit dem Orchester des Opernhauses Z\u00fcrich weltweit gro\u00dfe Anerkennung.<\/p>\n<p>&nbsp;<\/p>\n<p><iframe loading=\"lazy\" title=\"Le nozze di Figaro, K. 492, Act 1: Duettino. &quot;Cinque dieci&quot; (Susanna, Figaro)\" width=\"500\" height=\"375\" src=\"https:\/\/www.youtube.com\/embed\/T7PKGApWLrg?list=PLCro41pt_TZxvuJXkUNtwG3--Ex2C4jAC\" frameborder=\"0\" allow=\"accelerometer; autoplay; clipboard-write; encrypted-media; gyroscope; picture-in-picture; web-share\" referrerpolicy=\"strict-origin-when-cross-origin\" allowfullscreen><\/iframe><\/p>\n<p>&nbsp;<\/p>\n<div id=\"attachment_3766\" style=\"width: 240px\" class=\"wp-caption aligncenter\"><a href=\"https:\/\/www.alle-noten.de\/Chor\/Gemischter-Chor\/Le-nozze-di-Figaro-KV-492-nr-4.html?utm_source=magazin&amp;utm_medium=Beitrag&amp;utm_campaign=deutsche-dirigenten\"><img loading=\"lazy\" decoding=\"async\" aria-describedby=\"caption-attachment-3766\" class=\"size-medium wp-image-3766\" src=\"https:\/\/www.alle-noten.de\/magazin\/wp-content\/uploads\/2026\/03\/Art_51067-230x300.jpg\" alt=\"Wolfgang Amadeus Mozart: Le nozze di Figaro KV 492 \" width=\"230\" height=\"300\" srcset=\"https:\/\/www.alle-noten.de\/magazin\/wp-content\/uploads\/2026\/03\/Art_51067-230x300.jpg 230w, https:\/\/www.alle-noten.de\/magazin\/wp-content\/uploads\/2026\/03\/Art_51067.jpg 659w\" sizes=\"auto, (max-width: 230px) 100vw, 230px\" \/><\/a><p id=\"caption-attachment-3766\" class=\"wp-caption-text\"><a href=\"https:\/\/www.alle-noten.de\/Chor\/Gemischter-Chor\/Le-nozze-di-Figaro-KV-492-nr-4.html?utm_source=magazin&amp;utm_medium=Beitrag&amp;utm_campaign=deutsche-dirigenten\">Wolfgang Amadeus Mozart: <em>Le nozze di Figaro KV 492<\/em><\/a><\/p><\/div>\n<p>&nbsp;<\/p>\n<h2>Claudio Abbado (1933 \u2013 2014)<\/h2>\n<p>Claudio Abbado ist zwar kein Deutscher, jedoch war er von 1989 bis 2002, nach Karajan, Chefdirigent der Berliner Philharmoniker. Abbado kam aus einer sehr musikalischen Familie. Die Musikalit\u00e4t bekam er sozusagen in die Wiege gelegt. Er studierte in Mailand. Mit dem Sieg des Dirigenten-Wettbewerbs \u201eDimitri Mitropoulos\u201c im Jahr 1963 in New York startete er international durch. Er dirigierte Weltklasse-Orchester wie die Mail\u00e4nder Scala, das London Symphony Orchestra, die Wiener Philharmoniker. 2003 gr\u00fcndete er das Lucerne Festival Orchestra. Wie kein zweiter verk\u00f6rperte Abbado einen fast schon spirituellen Stil des Dirigierens. Er schuf Freir\u00e4ume, Platz f\u00fcr den Atem der Musik und das gemeinsame Musizieren. Beinahe therapeutisch, meditativ formte er wundersch\u00f6ne Interpretationen voller Transzendenz und Tiefe. Auch politisch engagierte er sich: Zusammen mit Daniel Barenboim gr\u00fcndete er das West-Eastern Divan Orchestra, um junge Musiker aus Pal\u00e4stina und Israel in der Musik zu vers\u00f6hnen.<\/p>\n<p>Seine Auff\u00fchrung von <a href=\"https:\/\/www.alle-noten.de\/Orchester\/Sinfonieorchester\/Sinfonie-Nr-9-Standard.html??utm_source=magazin&amp;utm_medium=Beitrag&amp;utm_campaign=deutsche-dirigenten\">Mahlers 9. Sinfonie<\/a> in Luzern (2010) feierte die Kritik als \u201egr\u00f6\u00dfte Dirigierleistung\u201c aller Zeiten. Abbado liebte <a href=\"https:\/\/www.alle-noten.de\/Noten\/Gustav-Mahler-Noten-fuer-Orchester\/?utm_source=magazin&amp;utm_medium=Beitrag&amp;utm_campaign=deutsche-dirigenten\">Mahler<\/a> und widmete ihm sein Lebenswerk. Die Auff\u00fchrungen seiner Mahler-Zyklen, die auch f\u00fcr die Deutsche Grammophon eingespielt wurden, gelten als H\u00f6hepunkt in der musikalischen Interpretationsgeschichte.<\/p>\n<p>&nbsp;<\/p>\n<p><iframe loading=\"lazy\" title=\"Lucerne Festival Orchestra - Symphony No. 9\" width=\"500\" height=\"281\" src=\"https:\/\/www.youtube.com\/embed\/jwUHrEPzDGA?feature=oembed&#038;enablejsapi=1&#038;origin=https:\/\/www.alle-noten.de\" frameborder=\"0\" allow=\"accelerometer; autoplay; clipboard-write; encrypted-media; gyroscope; picture-in-picture; web-share\" referrerpolicy=\"strict-origin-when-cross-origin\" allowfullscreen><\/iframe><\/p>\n<p>&nbsp;<\/p>\n<div id=\"attachment_3769\" style=\"width: 235px\" class=\"wp-caption aligncenter\"><a href=\"https:\/\/www.alle-noten.de\/Orchester\/Sinfonieorchester\/Symphonie-Nr-1-fuer-Orchester-D-Dur-1910-nr.html?utm_source=magazin&amp;utm_medium=Beitrag&amp;utm_campaign=deutsche-dirigenten\"><img loading=\"lazy\" decoding=\"async\" aria-describedby=\"caption-attachment-3769\" class=\"size-medium wp-image-3769\" src=\"https:\/\/www.alle-noten.de\/magazin\/wp-content\/uploads\/2026\/03\/Art_1063213-225x300.jpg\" alt=\"Gustav Mahler: Symphonie Nr. 1 f\u00fcr Orchester D-Dur (Endfassung 1910)\" width=\"225\" height=\"300\" srcset=\"https:\/\/www.alle-noten.de\/magazin\/wp-content\/uploads\/2026\/03\/Art_1063213-225x300.jpg 225w, https:\/\/www.alle-noten.de\/magazin\/wp-content\/uploads\/2026\/03\/Art_1063213.jpg 645w\" sizes=\"auto, (max-width: 225px) 100vw, 225px\" \/><\/a><p id=\"caption-attachment-3769\" class=\"wp-caption-text\"><a href=\"https:\/\/www.alle-noten.de\/Orchester\/Sinfonieorchester\/Symphonie-Nr-1-fuer-Orchester-D-Dur-1910-nr.html?utm_source=magazin&amp;utm_medium=Beitrag&amp;utm_campaign=deutsche-dirigenten\">Gustav Mahler: <em>Symphonie Nr. 1 f\u00fcr Orchester D-Dur<\/em> (Endfassung 1910)<\/a><\/p><\/div>\n<p>&nbsp;<\/p>\n<h2>Sir Simon Rattle (*1955)<\/h2>\n<p>Auch Sir Simon Rattle ist kein Deutscher, aber als langj\u00e4hriger Dirigent der Berliner Philharmoniker ist er eng mit der deutschen Musikgeschichte verbunden. Wie viele andere gro\u00dfe Dirigenten startete er seine Karriere mit dem ersten Preis eines Dirigentenwettbewerbs. 1974 gewann der in Liverpool geborene Rattle die John Player International Conductors\u2019 Competition. Von da an ging es steil bergauf. Er beeinflusste den Klang gro\u00dfer Orchester. Als sein erster Streich gilt die \u201eFormung\u201c des City of Birmingham Symphony Orchestra, dessen Klang er ma\u00dfgeblich weiterentwickelte. Sein Talent sprach sich schnell herum und so wurde er 2002, nach Claudio Abbado, Chef der Berliner Philharmoniker, die er bis 2018 leitete. Simon Rattle war einer der ersten Dirigenten, die auch moderne Musik dirigierten. Viele seiner Auff\u00fchrungen sind von der Erweiterung des Orchester-Repertoires um artifizielle Werke gepr\u00e4gt. Er gilt als unkonventioneller, charismatischer und p\u00e4dagogischer Br\u00fcckenbauer. Sein Dirigierstil ist eloquent, offen und kooperativ. In vielen seiner Projekte widmete er sich der musikalischen Bildung von Kindern aus sozial benachteiligten Milieus. 1994 wurde er zum \u201eSir\u201c geadelt und war damit einer der ersten Prominenten aus dem Musikbereich. Auch Rattles Herz schlug f\u00fcr Mahler. Seine Einspielungen der <a href=\"https:\/\/www.alle-noten.de\/Orchester\/Sinfonieorchester\/Sinfonie-Nr-6-a-Moll.html?utm_source=magazin&amp;utm_medium=Beitrag&amp;utm_campaign=deutsche-dirigenten\">6.<\/a> und <a href=\"https:\/\/www.alle-noten.de\/Orchester\/Sinfonieorchester\/Symphonie-Nr-9-nr-14.html?utm_source=magazin&amp;utm_medium=Beitrag&amp;utm_campaign=deutsche-dirigenten\">9. Sinfonie<\/a> mit den Berlinern wurden von der Kritik besonders gelobt. Hoch gesch\u00e4tzt sind weiterhin seine Interpretationen der <a href=\"https:\/\/www.alle-noten.de\/Noten\/Johannes-Brahms-Noten-fuer-Orchester\/?utm_source=magazin&amp;utm_medium=Beitrag&amp;utm_campaign=deutsche-dirigenten\">Brahms-Sinfonien<\/a> sowie der <a href=\"https:\/\/www.alle-noten.de\/Noten\/Jean-Sibelius-Noten-fuer-Orchester\/?utm_source=magazin&amp;utm_medium=Beitrag&amp;utm_campaign=deutsche-dirigenten\">Sibelius<\/a>-Sinfonien, besonders der <a href=\"https:\/\/www.alle-noten.de\/Orchester\/Sinfonieorchester\/Symphony-No-5-Op-82-nr.html?utm_source=magazin&amp;utm_medium=Beitrag&amp;utm_campaign=deutsche-dirigenten\">5.<\/a> und <a href=\"https:\/\/www.alle-noten.de\/Orchester\/Sinfonieorchester\/Symphony-No-7-Op-105.html?utm_source=magazin&amp;utm_medium=Beitrag&amp;utm_campaign=deutsche-dirigenten\">7. Sinfonie<\/a>.<\/p>\n<p>&nbsp;<\/p>\n<p><iframe loading=\"lazy\" title=\"Sibelius: Symphony No. 7 \/  Rattle \u00b7 Berliner Philharmoniker\" width=\"500\" height=\"281\" src=\"https:\/\/www.youtube.com\/embed\/JCIKfMm5RaA?feature=oembed&#038;enablejsapi=1&#038;origin=https:\/\/www.alle-noten.de\" frameborder=\"0\" allow=\"accelerometer; autoplay; clipboard-write; encrypted-media; gyroscope; picture-in-picture; web-share\" referrerpolicy=\"strict-origin-when-cross-origin\" allowfullscreen><\/iframe><\/p>\n<p>&nbsp;<\/p>\n<div id=\"attachment_3774\" style=\"width: 225px\" class=\"wp-caption aligncenter\"><a href=\"https:\/\/www.alle-noten.de\/Orchester\/Sinfonieorchester\/Symphony-No-7-Op-105.html?utm_source=magazin&amp;utm_medium=Beitrag&amp;utm_campaign=deutsche-dirigenten\"><img loading=\"lazy\" decoding=\"async\" aria-describedby=\"caption-attachment-3774\" class=\"size-medium wp-image-3774\" src=\"https:\/\/www.alle-noten.de\/magazin\/wp-content\/uploads\/2026\/03\/Art_226312-215x300.jpg\" alt=\"Jean Sibelius: Symphonie Nr. 7 op. 105\" width=\"215\" height=\"300\" srcset=\"https:\/\/www.alle-noten.de\/magazin\/wp-content\/uploads\/2026\/03\/Art_226312-215x300.jpg 215w, https:\/\/www.alle-noten.de\/magazin\/wp-content\/uploads\/2026\/03\/Art_226312.jpg 616w\" sizes=\"auto, (max-width: 215px) 100vw, 215px\" \/><\/a><p id=\"caption-attachment-3774\" class=\"wp-caption-text\"><a href=\"https:\/\/www.alle-noten.de\/Orchester\/Sinfonieorchester\/Symphony-No-7-Op-105.html?utm_source=magazin&amp;utm_medium=Beitrag&amp;utm_campaign=deutsche-dirigenten\">Jean Sibelius: <em>Symphonie Nr. 7 op. 105<\/em><\/a><\/p><\/div>\n<p>&nbsp;<\/p>\n<h2>Christian Thielemann (*1959)<\/h2>\n<p>Christian Thielemann ist der wohl bedeutendste deutsche Dirigent der Gegenwart. Er startete seine Karriere als Korrepetitor an der Deutschen Oper Berlin und war gleichzeitig Assistent von Herbert von Karajan. Mit seiner Auff\u00fchrung von Wagners \u201e<a href=\"https:\/\/www.alle-noten.de\/Orchester\/Sinfonieorchester\/Tristan-und-Isolde-WWV-90-Standard-nr.html?utm_source=magazin&amp;utm_medium=Beitrag&amp;utm_campaign=deutsche-dirigenten\">Tristan und Isolde<\/a>\u201c, als j\u00fcngster Generalmusikdirektor in N\u00fcrnberg, gelang ihm der Durchbruch. Der gl\u00fchende Wagner-Verehrer und leidenschaftliche Verfechter der Romantik bestreitet besonders dieses Repertoire mit atemberaubender Hingabe \u2013 beinahe so, als gelte es, die Sch\u00e4tze gro\u00dfer deutscher Komponisten \u00fcber die Zeit der digitalen Moderne hinwegzuheben. Sein Klang wird mit dunkel und weit beschrieben, sein Stil ist konservativ und kompromisslos. Einige sagen, er sei der letzte gro\u00dfe Dirigent der deutschen Romantik. Seit 2025 ist er Generalmusikdirektor der Berliner Staatsoper und Dirigent der Staatskapelle Berlin. Im gleichen Jahr gewann er f\u00fcr die Aufnahme der Klavierkonzerte von Johannes Brahms den Opus Klassik f\u00fcr die beste Konzertaufnahme des Jahres. Auch seine Bruckner-Interpretationen finden mittlerweile weltweite Anerkennung<\/p>\n<p>&nbsp;<\/p>\n<p><iframe loading=\"lazy\" title=\"Bruckner - Symphonie Nr. 5 | Christian Thielemann | BRSO\" width=\"500\" height=\"281\" src=\"https:\/\/www.youtube.com\/embed\/IxUIf0gLkBg?feature=oembed&#038;enablejsapi=1&#038;origin=https:\/\/www.alle-noten.de\" frameborder=\"0\" allow=\"accelerometer; autoplay; clipboard-write; encrypted-media; gyroscope; picture-in-picture; web-share\" referrerpolicy=\"strict-origin-when-cross-origin\" allowfullscreen><\/iframe><\/p>\n<p>&nbsp;<\/p>\n<div id=\"attachment_3777\" style=\"width: 223px\" class=\"wp-caption aligncenter\"><a href=\"https:\/\/www.alle-noten.de\/Orchester\/Sinfonieorchester\/Sinfonie-Nr-5-B-Dur.html?utm_source=magazin&amp;utm_medium=Beitrag&amp;utm_campaign=deutsche-dirigenten\"><img loading=\"lazy\" decoding=\"async\" aria-describedby=\"caption-attachment-3777\" class=\"size-medium wp-image-3777\" src=\"https:\/\/www.alle-noten.de\/magazin\/wp-content\/uploads\/2026\/03\/Art_24842-213x300.jpg\" alt=\"Anton Bruckner: Sinfonie Nr. 5 B-Dur\" width=\"213\" height=\"300\" srcset=\"https:\/\/www.alle-noten.de\/magazin\/wp-content\/uploads\/2026\/03\/Art_24842-213x300.jpg 213w, https:\/\/www.alle-noten.de\/magazin\/wp-content\/uploads\/2026\/03\/Art_24842.jpg 460w\" sizes=\"auto, (max-width: 213px) 100vw, 213px\" \/><\/a><p id=\"caption-attachment-3777\" class=\"wp-caption-text\"><a href=\"https:\/\/www.alle-noten.de\/Orchester\/Sinfonieorchester\/Sinfonie-Nr-5-B-Dur.html?utm_source=magazin&amp;utm_medium=Beitrag&amp;utm_campaign=deutsche-dirigenten\">Anton Bruckner: <em>Symphonie Nr. 5 B-Dur<\/em><\/a><\/p><\/div>\n<p>&nbsp;<\/p>\n<h2>Joana Mallwitz (1986)<\/h2>\n<p>Jaona Mallwitz ist das \u201eK\u00fcken&#8220; unter den zuvor genannten Dirigenten und noch dazu die einzige Frau. Die junge Dirigentin gilt als Shooting Star. Sie war die erste Frau, die die Salzburger Festspiele dirigierte. Bereits mit drei Jahren fing sie an, Klavier zu spielen. Schon zehn Jahre sp\u00e4ter, mit nur 13 Jahren, begann sie ihr Musikstudium in Hannover und sa\u00df hier mit dem Pianisten Igor Levit in einer Klasse. Mit<br \/>\n19 Jahren wurde sie Solorepetitorin am Theater Heidelberg. Nach nur drei Monaten musste sie f\u00fcr den Kollegen einspringen und die Premiere von Puccinis \u201eMadam Butterfly&#8220; dirigieren. Der Sprung ins kalte Wasser gilt als Startpunkt ihrer Laufbahn. Es folgten Anstellungen als Generalmusikdirektorin am Theater in Erfurt und anschlie\u00dfend am Staatstheater N\u00fcrnberg. In Erfurt war sie die j\u00fcngste Generalmusikdirektorin Europas.<br \/>\nSeit 2023\/24 ist sie k\u00fcnstlerische Leiterin des Konzerthausorchesters Berlin.<br \/>\nCharakteristisch f\u00fcr Mallwitz ist ihr warmherziger und zugleich strenger Dirigier-Stil sowie ihr akribisches Bestreben, das Publikum von Anfang bis Ende zu fesseln. Sie durchdringt die St\u00fccke sowohl intellektuell als auch intuitiv. Vielleicht ist das der Vorteil, den sie als Frau mit auf den Dirigierpult bringt. Intensive Proben sind f\u00fcr sie Teil der Auff\u00fchrung. Eine ihrer herausragendsten B\u00fchnenleistungen war die Auff\u00fchrung von \u201eCosi fan tutte&#8220; zu den Salzburger Festspielen 2020. Mit der Einspielung der Sinfonien Nr. 1 und 2. von Kurt Weil f\u00fcr die Deutsche Grammophon (2024) verschaffte sie sich Anerkennung als eine K\u00fcnstlerin, die sich auch an weniger gef\u00e4lliges Repertoire traut. Auch die Berliner durfte sie schon dirigieren. Mit ihnen spielte sie unter anderem die Sinfonie \u201eMathis der Maler&#8220; von Hindemith und die Overt\u00fcre aus \u201eKrieg und Frieden&#8220; von Prokofjew.<\/p>\n<p>&nbsp;<\/p>\n<p><iframe loading=\"lazy\" title=\"Franz Schubert: \u201eGro\u00dfe\u201c C-Dur Sinfonie D 944 | Konzerthausorchester Berlin, Joana Mallwitz\" width=\"500\" height=\"281\" src=\"https:\/\/www.youtube.com\/embed\/KcWIdZz4C44?feature=oembed&#038;enablejsapi=1&#038;origin=https:\/\/www.alle-noten.de\" frameborder=\"0\" allow=\"accelerometer; autoplay; clipboard-write; encrypted-media; gyroscope; picture-in-picture; web-share\" referrerpolicy=\"strict-origin-when-cross-origin\" allowfullscreen><\/iframe><\/p>\n<p>&nbsp;<\/p>\n<div id=\"attachment_3780\" style=\"width: 240px\" class=\"wp-caption aligncenter\"><a href=\"https:\/\/www.alle-noten.de\/Orchester\/Sinfonieorchester\/Sinfonie-Nr-8-C-Dur-D-944-nr.html?utm_source=magazin&amp;utm_medium=Beitrag&amp;utm_campaign=deutsche-dirigenten\"><img loading=\"lazy\" decoding=\"async\" aria-describedby=\"caption-attachment-3780\" class=\"size-medium wp-image-3780\" src=\"https:\/\/www.alle-noten.de\/magazin\/wp-content\/uploads\/2026\/03\/Art_53260-230x300.jpg\" alt=\"Franz Schubert: Sinfonie Nr. 8 C-Dur D 944 \" width=\"230\" height=\"300\" srcset=\"https:\/\/www.alle-noten.de\/magazin\/wp-content\/uploads\/2026\/03\/Art_53260-230x300.jpg 230w, https:\/\/www.alle-noten.de\/magazin\/wp-content\/uploads\/2026\/03\/Art_53260.jpg 658w\" sizes=\"auto, (max-width: 230px) 100vw, 230px\" \/><\/a><p id=\"caption-attachment-3780\" class=\"wp-caption-text\"><a href=\"https:\/\/www.alle-noten.de\/Orchester\/Sinfonieorchester\/Sinfonie-Nr-8-C-Dur-D-944-nr.html?utm_source=magazin&amp;utm_medium=Beitrag&amp;utm_campaign=deutsche-dirigenten\">Franz Schubert: <em>Symphonie Nr. 8 C-Dur D 944<\/em><\/a><\/p><\/div>\n<p>&nbsp;<\/p>\n<h2>Deutsche Dirigenten und deutsche Musikkultur<\/h2>\n<p>Deutsche Dirigenten sind ma\u00dfgeblich f\u00fcr die klassische Musik. In Deutschland wurde nicht nur die Kunst des modernen Dirigierens entwickelt. Deutsche Dirigenten pr\u00e4gten auch die Interpretationskunst und Spielweise von Symphonieorchestern. Damit setzten und setzen sie musikalische Standards, die weltweit gelten.<\/p>\n<p>Zudem stammen aus Deutschland einige der einflussreichsten Komponisten. Bach, <a href=\"https:\/\/www.alle-noten.de\/magazin\/beethoven-biografie\/\">Beethoven<\/a>, Mozart, Brahms, Wagner oder Mahler \u2013 sie alle schufen zeitlose Kompositionen von elementarer Kraft, die zum Standard-Repertoire hochkar\u00e4tiger Dirigenten geh\u00f6ren und ein weltweites Publikum begeistern. Zu den weltweit meistgespielten Orchesterwerken z\u00e4hlen Bachs \u201eBrandenburgische Konzerte\u201c, Beethovens 9. und 5. Sinfonie, Mozarts Requiem in d-Moll, Brahms 1. und 4. Sinfonie, Wagners \u201eTristan und Isolde\u201c und \u201eDer Ring der Nibelungen\u201c sowie die Ouvert\u00fcre \u201eEin Sommernachtstraum\u201c von Mendelssohn.<\/p>\n","protected":false},"excerpt":{"rendered":"<p>Viele deutsche Dirigenten oder eng mit Deutschland verbundene Maestros wirkten und wirken als kreativer Motor internationaler Orchester und Sch\u00f6pfer einzigartiger musikalischer Interpretationen. Sie begeistern durch Charisma, technische Exzellenz und eine tiefe Suche nach der Essenz der aufgef\u00fchrten St\u00fccke. Wir stellen Ihnen die ber\u00fchmtesten deutschen Dirigenten, ber\u00fchmte ausl\u00e4ndische Kollegen und ihre bekanntesten Auff\u00fchrungen mit den dazu [&hellip;]<\/p>\n","protected":false},"author":1001,"featured_media":3784,"comment_status":"closed","ping_status":"closed","sticky":false,"template":"","format":"standard","meta":{"footnotes":""},"categories":[5],"tags":[23],"class_list":["post-3741","post","type-post","status-publish","format-standard","has-post-thumbnail","hentry","category-persoenlichkeiten","tag-portrait"],"yoast_head":"<!-- This site is optimized with the Yoast SEO plugin v27.2 - https:\/\/yoast.com\/product\/yoast-seo-wordpress\/ -->\n<title>Deutsche Dirigenten &amp; andere ber\u00fchmte Maestros &#8211; alle-noten Magazin<\/title>\n<meta name=\"description\" content=\"Deutsche Dirigenten &amp; ber\u00fchmte Dirigenten mit Bezug nach Deutschland \u2713 von B\u00fclow \u2713 Furtw\u00e4ngler \u2713 Karajan \u2713 Rattle \u2713 Thielemann \u2713 \u25ba jetzt kennenlernen &amp; Noten bestellen!\" \/>\n<meta name=\"robots\" content=\"index, follow, max-snippet:-1, max-image-preview:large, max-video-preview:-1\" \/>\n<link rel=\"canonical\" href=\"https:\/\/www.alle-noten.de\/magazin\/deutsche-dirigenten-ihr-schaffen-die-besten-werke-alle-noten\/\" \/>\n<meta property=\"og:locale\" content=\"de_DE\" \/>\n<meta property=\"og:type\" content=\"article\" \/>\n<meta property=\"og:title\" content=\"Deutsche Dirigenten &amp; andere ber\u00fchmte Maestros &#8211; alle-noten Magazin\" \/>\n<meta property=\"og:description\" content=\"Deutsche Dirigenten &amp; ber\u00fchmte Dirigenten mit Bezug nach Deutschland \u2713 von B\u00fclow \u2713 Furtw\u00e4ngler \u2713 Karajan \u2713 Rattle \u2713 Thielemann \u2713 \u25ba jetzt kennenlernen &amp; Noten bestellen!\" \/>\n<meta property=\"og:url\" content=\"https:\/\/www.alle-noten.de\/magazin\/deutsche-dirigenten-ihr-schaffen-die-besten-werke-alle-noten\/\" \/>\n<meta property=\"og:site_name\" content=\"alle-noten Magazin\" \/>\n<meta property=\"article:published_time\" content=\"2026-03-16T12:46:37+00:00\" \/>\n<meta property=\"og:image\" content=\"https:\/\/www.alle-noten.de\/magazin\/wp-content\/uploads\/2026\/03\/AdobeStock_71759386.jpeg\" \/>\n\t<meta property=\"og:image:width\" content=\"640\" \/>\n\t<meta property=\"og:image:height\" content=\"427\" \/>\n\t<meta property=\"og:image:type\" content=\"image\/jpeg\" \/>\n<meta name=\"author\" content=\"Christoph Stockmeyer-Dees\" \/>\n<meta name=\"twitter:card\" content=\"summary_large_image\" \/>\n<meta name=\"twitter:label1\" content=\"Verfasst von\" \/>\n\t<meta name=\"twitter:data1\" content=\"Christoph Stockmeyer-Dees\" \/>\n\t<meta name=\"twitter:label2\" content=\"Gesch\u00e4tzte Lesezeit\" \/>\n\t<meta name=\"twitter:data2\" content=\"16\u00a0Minuten\" \/>\n<script type=\"application\/ld+json\" class=\"yoast-schema-graph\">{\"@context\":\"https:\/\/schema.org\",\"@graph\":[{\"@type\":\"Article\",\"@id\":\"https:\/\/www.alle-noten.de\/magazin\/deutsche-dirigenten-ihr-schaffen-die-besten-werke-alle-noten\/#article\",\"isPartOf\":{\"@id\":\"https:\/\/www.alle-noten.de\/magazin\/deutsche-dirigenten-ihr-schaffen-die-besten-werke-alle-noten\/\"},\"author\":{\"name\":\"Christoph Stockmeyer-Dees\",\"@id\":\"https:\/\/www.alle-noten.de\/magazin\/#\/schema\/person\/7d70a0ad3787840cda5f33e623e391cd\"},\"headline\":\"Deutsche Dirigenten &#038; andere ber\u00fchmte Maestros\",\"datePublished\":\"2026-03-16T12:46:37+00:00\",\"mainEntityOfPage\":{\"@id\":\"https:\/\/www.alle-noten.de\/magazin\/deutsche-dirigenten-ihr-schaffen-die-besten-werke-alle-noten\/\"},\"wordCount\":2543,\"image\":{\"@id\":\"https:\/\/www.alle-noten.de\/magazin\/deutsche-dirigenten-ihr-schaffen-die-besten-werke-alle-noten\/#primaryimage\"},\"thumbnailUrl\":\"https:\/\/www.alle-noten.de\/magazin\/wp-content\/uploads\/2026\/03\/AdobeStock_71759386.jpeg\",\"keywords\":[\"Portrait\"],\"articleSection\":[\"Pers\u00f6nlichkeiten\"],\"inLanguage\":\"de\"},{\"@type\":\"WebPage\",\"@id\":\"https:\/\/www.alle-noten.de\/magazin\/deutsche-dirigenten-ihr-schaffen-die-besten-werke-alle-noten\/\",\"url\":\"https:\/\/www.alle-noten.de\/magazin\/deutsche-dirigenten-ihr-schaffen-die-besten-werke-alle-noten\/\",\"name\":\"Deutsche Dirigenten & andere ber\u00fchmte Maestros &#8211; alle-noten Magazin\",\"isPartOf\":{\"@id\":\"https:\/\/www.alle-noten.de\/magazin\/#website\"},\"primaryImageOfPage\":{\"@id\":\"https:\/\/www.alle-noten.de\/magazin\/deutsche-dirigenten-ihr-schaffen-die-besten-werke-alle-noten\/#primaryimage\"},\"image\":{\"@id\":\"https:\/\/www.alle-noten.de\/magazin\/deutsche-dirigenten-ihr-schaffen-die-besten-werke-alle-noten\/#primaryimage\"},\"thumbnailUrl\":\"https:\/\/www.alle-noten.de\/magazin\/wp-content\/uploads\/2026\/03\/AdobeStock_71759386.jpeg\",\"datePublished\":\"2026-03-16T12:46:37+00:00\",\"author\":{\"@id\":\"https:\/\/www.alle-noten.de\/magazin\/#\/schema\/person\/7d70a0ad3787840cda5f33e623e391cd\"},\"description\":\"Deutsche Dirigenten & ber\u00fchmte Dirigenten mit Bezug nach Deutschland \u2713 von B\u00fclow \u2713 Furtw\u00e4ngler \u2713 Karajan \u2713 Rattle \u2713 Thielemann \u2713 \u25ba jetzt kennenlernen & Noten bestellen!\",\"breadcrumb\":{\"@id\":\"https:\/\/www.alle-noten.de\/magazin\/deutsche-dirigenten-ihr-schaffen-die-besten-werke-alle-noten\/#breadcrumb\"},\"inLanguage\":\"de\",\"potentialAction\":[{\"@type\":\"ReadAction\",\"target\":[\"https:\/\/www.alle-noten.de\/magazin\/deutsche-dirigenten-ihr-schaffen-die-besten-werke-alle-noten\/\"]}]},{\"@type\":\"ImageObject\",\"inLanguage\":\"de\",\"@id\":\"https:\/\/www.alle-noten.de\/magazin\/deutsche-dirigenten-ihr-schaffen-die-besten-werke-alle-noten\/#primaryimage\",\"url\":\"https:\/\/www.alle-noten.de\/magazin\/wp-content\/uploads\/2026\/03\/AdobeStock_71759386.jpeg\",\"contentUrl\":\"https:\/\/www.alle-noten.de\/magazin\/wp-content\/uploads\/2026\/03\/AdobeStock_71759386.jpeg\",\"width\":640,\"height\":427,\"caption\":\"Orchestra conductor on stage\"},{\"@type\":\"BreadcrumbList\",\"@id\":\"https:\/\/www.alle-noten.de\/magazin\/deutsche-dirigenten-ihr-schaffen-die-besten-werke-alle-noten\/#breadcrumb\",\"itemListElement\":[{\"@type\":\"ListItem\",\"position\":1,\"name\":\"Home\",\"item\":\"https:\/\/www.alle-noten.de\/magazin\/\"},{\"@type\":\"ListItem\",\"position\":2,\"name\":\"Deutsche Dirigenten &#038; andere ber\u00fchmte Maestros\"}]},{\"@type\":\"WebSite\",\"@id\":\"https:\/\/www.alle-noten.de\/magazin\/#website\",\"url\":\"https:\/\/www.alle-noten.de\/magazin\/\",\"name\":\"alle-noten Magazin\",\"description\":\"\",\"potentialAction\":[{\"@type\":\"SearchAction\",\"target\":{\"@type\":\"EntryPoint\",\"urlTemplate\":\"https:\/\/www.alle-noten.de\/magazin\/?s={search_term_string}\"},\"query-input\":{\"@type\":\"PropertyValueSpecification\",\"valueRequired\":true,\"valueName\":\"search_term_string\"}}],\"inLanguage\":\"de\"},{\"@type\":\"Person\",\"@id\":\"https:\/\/www.alle-noten.de\/magazin\/#\/schema\/person\/7d70a0ad3787840cda5f33e623e391cd\",\"name\":\"Christoph Stockmeyer-Dees\",\"image\":{\"@type\":\"ImageObject\",\"inLanguage\":\"de\",\"@id\":\"https:\/\/secure.gravatar.com\/avatar\/1d116d9edd52dab89261444a5805c91b0bc908625d99c2a75b59a459ba7f8ae5?s=96&d=https%3A%2F%2Fwww.alle-noten.de%2Fmagazin%2Fwp-content%2Fthemes%2Fallenoten%2Fimg%2Favatar.png&r=g\",\"url\":\"https:\/\/secure.gravatar.com\/avatar\/1d116d9edd52dab89261444a5805c91b0bc908625d99c2a75b59a459ba7f8ae5?s=96&d=https%3A%2F%2Fwww.alle-noten.de%2Fmagazin%2Fwp-content%2Fthemes%2Fallenoten%2Fimg%2Favatar.png&r=g\",\"contentUrl\":\"https:\/\/secure.gravatar.com\/avatar\/1d116d9edd52dab89261444a5805c91b0bc908625d99c2a75b59a459ba7f8ae5?s=96&d=https%3A%2F%2Fwww.alle-noten.de%2Fmagazin%2Fwp-content%2Fthemes%2Fallenoten%2Fimg%2Favatar.png&r=g\",\"caption\":\"Christoph Stockmeyer-Dees\"}}]}<\/script>\n<!-- \/ Yoast SEO plugin. -->","yoast_head_json":{"title":"Deutsche Dirigenten & andere ber\u00fchmte Maestros &#8211; alle-noten Magazin","description":"Deutsche Dirigenten & ber\u00fchmte Dirigenten mit Bezug nach Deutschland \u2713 von B\u00fclow \u2713 Furtw\u00e4ngler \u2713 Karajan \u2713 Rattle \u2713 Thielemann \u2713 \u25ba jetzt kennenlernen & Noten bestellen!","robots":{"index":"index","follow":"follow","max-snippet":"max-snippet:-1","max-image-preview":"max-image-preview:large","max-video-preview":"max-video-preview:-1"},"canonical":"https:\/\/www.alle-noten.de\/magazin\/deutsche-dirigenten-ihr-schaffen-die-besten-werke-alle-noten\/","og_locale":"de_DE","og_type":"article","og_title":"Deutsche Dirigenten & andere ber\u00fchmte Maestros &#8211; alle-noten Magazin","og_description":"Deutsche Dirigenten & ber\u00fchmte Dirigenten mit Bezug nach Deutschland \u2713 von B\u00fclow \u2713 Furtw\u00e4ngler \u2713 Karajan \u2713 Rattle \u2713 Thielemann \u2713 \u25ba jetzt kennenlernen & Noten bestellen!","og_url":"https:\/\/www.alle-noten.de\/magazin\/deutsche-dirigenten-ihr-schaffen-die-besten-werke-alle-noten\/","og_site_name":"alle-noten Magazin","article_published_time":"2026-03-16T12:46:37+00:00","og_image":[{"width":640,"height":427,"url":"https:\/\/www.alle-noten.de\/magazin\/wp-content\/uploads\/2026\/03\/AdobeStock_71759386.jpeg","type":"image\/jpeg"}],"author":"Christoph Stockmeyer-Dees","twitter_card":"summary_large_image","twitter_misc":{"Verfasst von":"Christoph Stockmeyer-Dees","Gesch\u00e4tzte Lesezeit":"16\u00a0Minuten"},"schema":{"@context":"https:\/\/schema.org","@graph":[{"@type":"Article","@id":"https:\/\/www.alle-noten.de\/magazin\/deutsche-dirigenten-ihr-schaffen-die-besten-werke-alle-noten\/#article","isPartOf":{"@id":"https:\/\/www.alle-noten.de\/magazin\/deutsche-dirigenten-ihr-schaffen-die-besten-werke-alle-noten\/"},"author":{"name":"Christoph Stockmeyer-Dees","@id":"https:\/\/www.alle-noten.de\/magazin\/#\/schema\/person\/7d70a0ad3787840cda5f33e623e391cd"},"headline":"Deutsche Dirigenten &#038; andere ber\u00fchmte Maestros","datePublished":"2026-03-16T12:46:37+00:00","mainEntityOfPage":{"@id":"https:\/\/www.alle-noten.de\/magazin\/deutsche-dirigenten-ihr-schaffen-die-besten-werke-alle-noten\/"},"wordCount":2543,"image":{"@id":"https:\/\/www.alle-noten.de\/magazin\/deutsche-dirigenten-ihr-schaffen-die-besten-werke-alle-noten\/#primaryimage"},"thumbnailUrl":"https:\/\/www.alle-noten.de\/magazin\/wp-content\/uploads\/2026\/03\/AdobeStock_71759386.jpeg","keywords":["Portrait"],"articleSection":["Pers\u00f6nlichkeiten"],"inLanguage":"de"},{"@type":"WebPage","@id":"https:\/\/www.alle-noten.de\/magazin\/deutsche-dirigenten-ihr-schaffen-die-besten-werke-alle-noten\/","url":"https:\/\/www.alle-noten.de\/magazin\/deutsche-dirigenten-ihr-schaffen-die-besten-werke-alle-noten\/","name":"Deutsche Dirigenten & andere ber\u00fchmte Maestros &#8211; alle-noten Magazin","isPartOf":{"@id":"https:\/\/www.alle-noten.de\/magazin\/#website"},"primaryImageOfPage":{"@id":"https:\/\/www.alle-noten.de\/magazin\/deutsche-dirigenten-ihr-schaffen-die-besten-werke-alle-noten\/#primaryimage"},"image":{"@id":"https:\/\/www.alle-noten.de\/magazin\/deutsche-dirigenten-ihr-schaffen-die-besten-werke-alle-noten\/#primaryimage"},"thumbnailUrl":"https:\/\/www.alle-noten.de\/magazin\/wp-content\/uploads\/2026\/03\/AdobeStock_71759386.jpeg","datePublished":"2026-03-16T12:46:37+00:00","author":{"@id":"https:\/\/www.alle-noten.de\/magazin\/#\/schema\/person\/7d70a0ad3787840cda5f33e623e391cd"},"description":"Deutsche Dirigenten & ber\u00fchmte Dirigenten mit Bezug nach Deutschland \u2713 von B\u00fclow \u2713 Furtw\u00e4ngler \u2713 Karajan \u2713 Rattle \u2713 Thielemann \u2713 \u25ba jetzt kennenlernen & Noten bestellen!","breadcrumb":{"@id":"https:\/\/www.alle-noten.de\/magazin\/deutsche-dirigenten-ihr-schaffen-die-besten-werke-alle-noten\/#breadcrumb"},"inLanguage":"de","potentialAction":[{"@type":"ReadAction","target":["https:\/\/www.alle-noten.de\/magazin\/deutsche-dirigenten-ihr-schaffen-die-besten-werke-alle-noten\/"]}]},{"@type":"ImageObject","inLanguage":"de","@id":"https:\/\/www.alle-noten.de\/magazin\/deutsche-dirigenten-ihr-schaffen-die-besten-werke-alle-noten\/#primaryimage","url":"https:\/\/www.alle-noten.de\/magazin\/wp-content\/uploads\/2026\/03\/AdobeStock_71759386.jpeg","contentUrl":"https:\/\/www.alle-noten.de\/magazin\/wp-content\/uploads\/2026\/03\/AdobeStock_71759386.jpeg","width":640,"height":427,"caption":"Orchestra conductor on stage"},{"@type":"BreadcrumbList","@id":"https:\/\/www.alle-noten.de\/magazin\/deutsche-dirigenten-ihr-schaffen-die-besten-werke-alle-noten\/#breadcrumb","itemListElement":[{"@type":"ListItem","position":1,"name":"Home","item":"https:\/\/www.alle-noten.de\/magazin\/"},{"@type":"ListItem","position":2,"name":"Deutsche Dirigenten &#038; andere ber\u00fchmte Maestros"}]},{"@type":"WebSite","@id":"https:\/\/www.alle-noten.de\/magazin\/#website","url":"https:\/\/www.alle-noten.de\/magazin\/","name":"alle-noten Magazin","description":"","potentialAction":[{"@type":"SearchAction","target":{"@type":"EntryPoint","urlTemplate":"https:\/\/www.alle-noten.de\/magazin\/?s={search_term_string}"},"query-input":{"@type":"PropertyValueSpecification","valueRequired":true,"valueName":"search_term_string"}}],"inLanguage":"de"},{"@type":"Person","@id":"https:\/\/www.alle-noten.de\/magazin\/#\/schema\/person\/7d70a0ad3787840cda5f33e623e391cd","name":"Christoph Stockmeyer-Dees","image":{"@type":"ImageObject","inLanguage":"de","@id":"https:\/\/secure.gravatar.com\/avatar\/1d116d9edd52dab89261444a5805c91b0bc908625d99c2a75b59a459ba7f8ae5?s=96&d=https%3A%2F%2Fwww.alle-noten.de%2Fmagazin%2Fwp-content%2Fthemes%2Fallenoten%2Fimg%2Favatar.png&r=g","url":"https:\/\/secure.gravatar.com\/avatar\/1d116d9edd52dab89261444a5805c91b0bc908625d99c2a75b59a459ba7f8ae5?s=96&d=https%3A%2F%2Fwww.alle-noten.de%2Fmagazin%2Fwp-content%2Fthemes%2Fallenoten%2Fimg%2Favatar.png&r=g","contentUrl":"https:\/\/secure.gravatar.com\/avatar\/1d116d9edd52dab89261444a5805c91b0bc908625d99c2a75b59a459ba7f8ae5?s=96&d=https%3A%2F%2Fwww.alle-noten.de%2Fmagazin%2Fwp-content%2Fthemes%2Fallenoten%2Fimg%2Favatar.png&r=g","caption":"Christoph Stockmeyer-Dees"}}]}},"publishpress_future_action":{"enabled":false,"date":"2026-05-07 20:05:47","action":"change-status","newStatus":"draft","terms":[],"taxonomy":"category","extraData":[]},"publishpress_future_workflow_manual_trigger":{"enabledWorkflows":[]},"_links":{"self":[{"href":"https:\/\/www.alle-noten.de\/magazin\/wp-json\/wp\/v2\/posts\/3741","targetHints":{"allow":["GET"]}}],"collection":[{"href":"https:\/\/www.alle-noten.de\/magazin\/wp-json\/wp\/v2\/posts"}],"about":[{"href":"https:\/\/www.alle-noten.de\/magazin\/wp-json\/wp\/v2\/types\/post"}],"author":[{"embeddable":true,"href":"https:\/\/www.alle-noten.de\/magazin\/wp-json\/wp\/v2\/users\/1001"}],"replies":[{"embeddable":true,"href":"https:\/\/www.alle-noten.de\/magazin\/wp-json\/wp\/v2\/comments?post=3741"}],"version-history":[{"count":19,"href":"https:\/\/www.alle-noten.de\/magazin\/wp-json\/wp\/v2\/posts\/3741\/revisions"}],"predecessor-version":[{"id":3783,"href":"https:\/\/www.alle-noten.de\/magazin\/wp-json\/wp\/v2\/posts\/3741\/revisions\/3783"}],"wp:featuredmedia":[{"embeddable":true,"href":"https:\/\/www.alle-noten.de\/magazin\/wp-json\/wp\/v2\/media\/3784"}],"wp:attachment":[{"href":"https:\/\/www.alle-noten.de\/magazin\/wp-json\/wp\/v2\/media?parent=3741"}],"wp:term":[{"taxonomy":"category","embeddable":true,"href":"https:\/\/www.alle-noten.de\/magazin\/wp-json\/wp\/v2\/categories?post=3741"},{"taxonomy":"post_tag","embeddable":true,"href":"https:\/\/www.alle-noten.de\/magazin\/wp-json\/wp\/v2\/tags?post=3741"}],"curies":[{"name":"wp","href":"https:\/\/api.w.org\/{rel}","templated":true}]}}